{"id":9601,"date":"2019-02-22T10:31:19","date_gmt":"2019-02-22T13:31:19","guid":{"rendered":"http:\/\/www.sertsc.org.br\/site\/?p=9601"},"modified":"2019-02-22T10:31:19","modified_gmt":"2019-02-22T13:31:19","slug":"radiodifusao-quer-simetria-regulatoria-com-empresas-de-tecnologia","status":"publish","type":"post","link":"https:\/\/sertsc.org.br\/site\/radiodifusao-quer-simetria-regulatoria-com-empresas-de-tecnologia\/","title":{"rendered":"Radiodifus\u00e3o quer simetria regulat\u00f3ria com empresas de tecnologia"},"content":{"rendered":"<p style=\"text-align: justify;\">O presidente da Associa\u00e7\u00e3o Brasileira de Emissoras de R\u00e1dio e TV (Abert), Paulo Tonet de Camargo, aproveitou o I F\u00f3rum Nacional de Radiodifus\u00e3o nesta quinta-feira, 21, realizado pelo Minist\u00e9rio da Ci\u00eancia, Tecnologia, Inova\u00e7\u00f5es e Comunica\u00e7\u00f5es (MCTIC), para solicitar simetria regulat\u00f3ria com as empresas de tecnologia que produzem conte\u00fado e vendem publicidade na Internet. Para o dirigente, o tratamento para quem explora o mesmo mercado, deve ser igual. Camargo tamb\u00e9m aproveitou para refor\u00e7ar o pedido de destinar \u00e0 radiodifus\u00e3o as sobras do or\u00e7amento da EAD (Seja Digital), estimadas em R$ 850 milh\u00f5es.<\/p>\n<p style=\"text-align: justify;\">O dirigente da Abert foi enf\u00e1tico ao solicitar igualdade de tratamento com empresas de tecnologia que vendem publicidade. &#8220;Empresas que se dizem de tecnologia, distribuem informa\u00e7\u00e3o e entretenimento, vendendo espa\u00e7o publicit\u00e1rio. Ou seja: t\u00eam o mesmo produto e se financiam no mesmo mercado, mas n\u00e3o aceitam similaridade de regras, como por exemplo, a responsabilidade. Somos respons\u00e1veis pelo conte\u00fado que distribu\u00edmos. Nada mais justo que os nossos concorrentes tamb\u00e9m o sejam&#8221;.<\/p>\n<p style=\"text-align: justify;\">O discurso de Tonet Camargo foi refor\u00e7ado pelo presidente da Associa\u00e7\u00e3o Brasileira de R\u00e1dio e Televis\u00e3o (Abratel), M\u00e1rcio Novaes. Segundo ele, o setor de radiodifus\u00e3o paga, de forma rotineira, um total de 38 impostos e taxas. &#8220;Al\u00e9m disso, temos a responsabilidade legal por tudo aquilo que divulgamos e estamos sujeitos \u00e0 Classifica\u00e7\u00e3o Indicativa da programa\u00e7\u00e3o. N\u00e3o \u00e9 justa esta despropor\u00e7\u00e3o na concorr\u00eancia com o segmento tecnol\u00f3gico e redes sociais, onde temos grandes players que imp\u00f5em dom\u00ednio, veiculam conte\u00fado, cobram veicula\u00e7\u00e3o, mas n\u00e3o s\u00e3o consideradas empresas de m\u00eddia. Ou se imp\u00f5e uma regula\u00e7\u00e3o justa para estas, ou se libere a nossa&#8221;, refor\u00e7ou.<\/p>\n<p style=\"text-align: justify;\">O ministro Marcos Pontes n\u00e3o se comprometeu com este ou outro pedido formulado pelos radiodifusores. Mas ele e o secret\u00e1rio de Radiodifus\u00e3o do minist\u00e9rio, Elifas Gurgel, afirmaram que os assuntos ser\u00e3o analisados com profundidade. &#8220;Este F\u00f3rum \u00e9 o espa\u00e7o para que possamos conversar e entender as demandas do segmento. Antes de definirmos uma pol\u00edtica, \u00e9 importante saber o pensamento de quem est\u00e1 na ponta&#8221;, afirmou o ministro.<\/p>\n<p style=\"text-align: justify;\"><strong>Sobras<\/strong><\/p>\n<p style=\"text-align: justify;\">No processo de digitaliza\u00e7\u00e3o da TV aberta, o presidente da Abert reiterou que 1.378 cidades passaram pelo desligamento do sinal anal\u00f3gico. At\u00e9 2023, mais de 4,2 mil cidades ainda ter\u00e3o que promover o desligamento. Segundo o executivo, este universo significa aproximadamente 75 milh\u00f5es de pessoas. &#8220;Precisamos dar sequ\u00eancia \u00e0 pol\u00edtica do Minist\u00e9rio da Ci\u00eancia, Tecnologia, Inova\u00e7\u00f5es e Comunica\u00e7\u00f5es utilizando os recursos existentes para garantir a cobertura digital e a recep\u00e7\u00e3o para a popula\u00e7\u00e3o que ainda n\u00e3o teve condi\u00e7\u00f5es de adquirir um aparelho digital&#8221;.<\/p>\n<p style=\"text-align: justify;\"><strong>R\u00e1dio<\/strong><\/p>\n<p style=\"text-align: justify;\">Camargo informou que o setor de radiodifus\u00e3o est\u00e1 empenhado para celebrar um conv\u00eanio com a ind\u00fastria nacional para que os aparelhos de telefonia m\u00f3vel produzidos no pa\u00eds cheguem ao consumidor com o chip que possibilite a recep\u00e7\u00e3o do sinal de FM embutido e ativado. &#8220;Hoje, j\u00e1 temos em torno de 60% dos celulares com FM ativado. Segundo dados da Anatel h\u00e1 cerca de 242 milh\u00f5es de aparelhos celulares ativos. Com a mudan\u00e7a do h\u00e1bito de consumo de not\u00edcias, o desbloqueio do servi\u00e7o de FM no celular ser\u00e1 de extrema utilidade p\u00fablica e seguran\u00e7a nacional&#8221;. Segundo o presidente da Abert, no Canad\u00e1 e Estados Unidos a Samsung j\u00e1 anunciou o desbloqueio do recurso nos smartphones.<\/p>\n<p style=\"text-align: justify;\">No que diz respeito aos Projetos de Lei que ampliam a pot\u00eancia e liberam as r\u00e1dios comunit\u00e1rias a comercializar publicidade, o dirigente voltou a ser duro nas cr\u00edticas. &#8220;A radiodifus\u00e3o brasileira \u00e9 legalista. Temos consci\u00eancia do papel que as r\u00e1dios comunit\u00e1rias exercem na sociedade. Entretanto, preocupa-nos uma tentativa de transformar uma r\u00e1dio comunit\u00e1ria, sem qualquer licita\u00e7\u00e3o ou pagamento do espectro, em emissoras, concorrendo com milhares de pequenas r\u00e1dios espalhadas pelo pa\u00eds, muitas vezes pequenas empresas que v\u00eam prestando um servi\u00e7o inestim\u00e1vel para a popula\u00e7\u00e3o das regi\u00f5es onde atuam. A radiodifus\u00e3o brasileira acredita nas autoridades do pais, e manobras como estas n\u00e3o dever\u00e3o prosperar nem no Legislativo e nem no Executivo. O setor de radiodifus\u00e3o ir\u00e1 lutar at\u00e9 as suas \u00faltimas for\u00e7as para que n\u00e3o se perpetue esse absurdo&#8221;.<\/p>\n<p style=\"text-align: justify;\">Fonte: Tela Viva<\/p>\n","protected":false},"excerpt":{"rendered":"<p>O presidente da Associa\u00e7\u00e3o Brasileira de Emissoras de R\u00e1dio e&hellip;<\/p>\n<p> <a class=\"more-link\" href=\"https:\/\/sertsc.org.br\/site\/radiodifusao-quer-simetria-regulatoria-com-empresas-de-tecnologia\/\">Leia mais<\/a><\/p>\n","protected":false},"author":1,"featured_media":9604,"comment_status":"closed","ping_status":"open","sticky":false,"template":"","format":"standard","meta":{"footnotes":""},"categories":[3],"tags":[],"class_list":{"0":"post-9601","1":"post","2":"type-post","3":"status-publish","4":"format-standard","5":"has-post-thumbnail","7":"category-noticias"},"_links":{"self":[{"href":"https:\/\/sertsc.org.br\/site\/wp-json\/wp\/v2\/posts\/9601","targetHints":{"allow":["GET"]}}],"collection":[{"href":"https:\/\/sertsc.org.br\/site\/wp-json\/wp\/v2\/posts"}],"about":[{"href":"https:\/\/sertsc.org.br\/site\/wp-json\/wp\/v2\/types\/post"}],"author":[{"embeddable":true,"href":"https:\/\/sertsc.org.br\/site\/wp-json\/wp\/v2\/users\/1"}],"replies":[{"embeddable":true,"href":"https:\/\/sertsc.org.br\/site\/wp-json\/wp\/v2\/comments?post=9601"}],"version-history":[{"count":0,"href":"https:\/\/sertsc.org.br\/site\/wp-json\/wp\/v2\/posts\/9601\/revisions"}],"wp:featuredmedia":[{"embeddable":true,"href":"https:\/\/sertsc.org.br\/site\/wp-json\/"}],"wp:attachment":[{"href":"https:\/\/sertsc.org.br\/site\/wp-json\/wp\/v2\/media?parent=9601"}],"wp:term":[{"taxonomy":"category","embeddable":true,"href":"https:\/\/sertsc.org.br\/site\/wp-json\/wp\/v2\/categories?post=9601"},{"taxonomy":"post_tag","embeddable":true,"href":"https:\/\/sertsc.org.br\/site\/wp-json\/wp\/v2\/tags?post=9601"}],"curies":[{"name":"wp","href":"https:\/\/api.w.org\/{rel}","templated":true}]}}