{"id":9594,"date":"2019-02-21T15:33:09","date_gmt":"2019-02-21T18:33:09","guid":{"rendered":"http:\/\/www.sertsc.org.br\/site\/?p=9594"},"modified":"2019-02-21T15:33:09","modified_gmt":"2019-02-21T18:33:09","slug":"presidente-do-sertsc-participa-do-forum-de-radiodifusao-da-mctic-em-brasilia","status":"publish","type":"post","link":"https:\/\/sertsc.org.br\/site\/presidente-do-sertsc-participa-do-forum-de-radiodifusao-da-mctic-em-brasilia\/","title":{"rendered":"Presidente do SERT\/SC participa do f\u00f3rum de radiodifus\u00e3o da MCTIC em Bras\u00edlia"},"content":{"rendered":"<p style=\"text-align: justify;\">A presidente do Sindicato Patronal de R\u00e1dio e TV de Santa Catarina &#8211; SERT\/SC, Ana Paula Melo participa nesta quinta (21) do 1\u00b0 f\u00f3rum da radiodifus\u00e3o de 2019, promovido pelo Minist\u00e9rio da Ci\u00eancia, Tecnologia, Inova\u00e7\u00f5es e Comunica\u00e7\u00f5es (MCTIC). O encontro acontece hoje ao longo do dia em Bras\u00edlia \u2013 DF no Audit\u00f3rio da Universidade dos Correios: Setor Clube Esportivos Norte \u2013 SCEN<\/p>\n<p style=\"text-align: justify;\">O evento aborda os desafios para o setor e como preparar a Radiodifus\u00e3o para o nosso futuro sustent\u00e1vel, por meio de inova\u00e7\u00e3o e tecnologia.\u00a0A Secretaria de Radiodifus\u00e3o pretende valorizar o di\u00e1logo com o setor para discuss\u00e3o dos principais temas relacionados \u00e0 atividade.<\/p>\n<p style=\"text-align: justify;\">O evento iniciou as 8:30h com encerramento previsto para as 18:00h.<\/p>\n<figure id=\"attachment_9595\" aria-describedby=\"caption-attachment-9595\" style=\"width: 710px\" class=\"wp-caption aligncenter\"><img fetchpriority=\"high\" decoding=\"async\" class=\"wp-image-9595 size-large\" src=\"http:\/\/www.sertsc.org.br\/site\/wp-content\/uploads\/2019\/02\/58627725-0e3f-43fc-9885-11b083286a08-768x1024.jpg\" alt=\"58627725-0e3f-43fc-9885-11b083286a08\" width=\"710\" height=\"947\" \/><figcaption id=\"caption-attachment-9595\" class=\"wp-caption-text\">Marise Westphal Hartke &#8211; Vice Presidente da ABERT, Humberto Off de Andrade &#8211; Diretoria do SERT\/SC, Ana Paula Melo &#8211; Presidente do SERT\/SC e o Engenheiro Luiz Rosa Reis.<\/figcaption><\/figure>\n","protected":false},"excerpt":{"rendered":"<p>A presidente do Sindicato Patronal de R\u00e1dio e TV de&hellip;<\/p>\n<p> <a class=\"more-link\" href=\"https:\/\/sertsc.org.br\/site\/presidente-do-sertsc-participa-do-forum-de-radiodifusao-da-mctic-em-brasilia\/\">Leia mais<\/a><\/p>\n","protected":false},"author":1,"featured_media":9595,"comment_status":"closed","ping_status":"open","sticky":false,"template":"","format":"standard","meta":{"footnotes":""},"categories":[3],"tags":[],"class_list":{"0":"post-9594","1":"post","2":"type-post","3":"status-publish","4":"format-standard","5":"has-post-thumbnail","7":"category-noticias"},"_links":{"self":[{"href":"https:\/\/sertsc.org.br\/site\/wp-json\/wp\/v2\/posts\/9594","targetHints":{"allow":["GET"]}}],"collection":[{"href":"https:\/\/sertsc.org.br\/site\/wp-json\/wp\/v2\/posts"}],"about":[{"href":"https:\/\/sertsc.org.br\/site\/wp-json\/wp\/v2\/types\/post"}],"author":[{"embeddable":true,"href":"https:\/\/sertsc.org.br\/site\/wp-json\/wp\/v2\/users\/1"}],"replies":[{"embeddable":true,"href":"https:\/\/sertsc.org.br\/site\/wp-json\/wp\/v2\/comments?post=9594"}],"version-history":[{"count":0,"href":"https:\/\/sertsc.org.br\/site\/wp-json\/wp\/v2\/posts\/9594\/revisions"}],"wp:featuredmedia":[{"embeddable":true,"href":"https:\/\/sertsc.org.br\/site\/wp-json\/"}],"wp:attachment":[{"href":"https:\/\/sertsc.org.br\/site\/wp-json\/wp\/v2\/media?parent=9594"}],"wp:term":[{"taxonomy":"category","embeddable":true,"href":"https:\/\/sertsc.org.br\/site\/wp-json\/wp\/v2\/categories?post=9594"},{"taxonomy":"post_tag","embeddable":true,"href":"https:\/\/sertsc.org.br\/site\/wp-json\/wp\/v2\/tags?post=9594"}],"curies":[{"name":"wp","href":"https:\/\/api.w.org\/{rel}","templated":true}]}}