{"id":9570,"date":"2019-02-14T16:52:40","date_gmt":"2019-02-14T18:52:40","guid":{"rendered":"http:\/\/www.sertsc.org.br\/site\/?p=9570"},"modified":"2019-02-14T16:52:40","modified_gmt":"2019-02-14T18:52:40","slug":"acaert-promove-encontro-regional-do-vale-do-itajai","status":"publish","type":"post","link":"https:\/\/sertsc.org.br\/site\/acaert-promove-encontro-regional-do-vale-do-itajai\/","title":{"rendered":"ACAERT promove Encontro Regional do Vale do Itaja\u00ed"},"content":{"rendered":"<p><strong><\/strong>A ACAERT promoveu nesta quarta-feira (13\/02), em Rio do Sul, o Encontro Regional do Vale do Itaja\u00ed, com participa\u00e7\u00e3o de radiodifusores associados e colaboradores das emissoras. Os objeitvos foram atualizar os servi\u00e7os prestados pela entidade e ouvir de perto as demandas do segmento da Regi\u00e3o. Para o\u00a0evento, a ACAERT levou os respons\u00e1veis por todas as \u00e1reas da entidade, como Rede de Not\u00edcias ACAERT &#8211; RNA, Central ACAERT de R\u00e1dios, Opec, Checking, Campanhas Socias al\u00e9m dos consultores Jur\u00eddico e T\u00e9cnico.<\/p>\n<p>O Encontro foi aberto pelo vice-presidente Regional, Humberto Ohf de Andrade, que destacou a import\u00e2ncia da capacita\u00e7\u00e3o do radiodifusor catarinense. J\u00e1 o vice-presidente de Rela\u00e7\u00e3o com o Mercado e Governo da entidade, Ranieri Moacir Bertoli, falou em nome do presidente da ACAERT, Marcello Corr\u00eaa Petrelli. O dirigente fez um diagn\u00f3stico do autal momento da radiodifus\u00e3o de Santa Catarina e do Brasil.<\/p>\n<p>Um dos momentos do evento foi a din\u00e2mica que dividiu os participantes em quatro grupos que apresentaram sugest\u00f5es para o fortalecimento das emissoras de R\u00e1dio associadas \u00e0 ACAERT. Em abril, o Encontro Regional ser\u00e1 na Serra Catarinense.<\/p>\n<p class=\"font-11\">Fonte: ACAERT<\/p>\n","protected":false},"excerpt":{"rendered":"<p>A ACAERT promoveu nesta quarta-feira (13\/02), em Rio do Sul,&hellip;<\/p>\n<p> <a class=\"more-link\" href=\"https:\/\/sertsc.org.br\/site\/acaert-promove-encontro-regional-do-vale-do-itajai\/\">Leia mais<\/a><\/p>\n","protected":false},"author":1,"featured_media":9571,"comment_status":"closed","ping_status":"open","sticky":false,"template":"","format":"standard","meta":{"footnotes":""},"categories":[3],"tags":[],"class_list":{"0":"post-9570","1":"post","2":"type-post","3":"status-publish","4":"format-standard","5":"has-post-thumbnail","7":"category-noticias"},"_links":{"self":[{"href":"https:\/\/sertsc.org.br\/site\/wp-json\/wp\/v2\/posts\/9570","targetHints":{"allow":["GET"]}}],"collection":[{"href":"https:\/\/sertsc.org.br\/site\/wp-json\/wp\/v2\/posts"}],"about":[{"href":"https:\/\/sertsc.org.br\/site\/wp-json\/wp\/v2\/types\/post"}],"author":[{"embeddable":true,"href":"https:\/\/sertsc.org.br\/site\/wp-json\/wp\/v2\/users\/1"}],"replies":[{"embeddable":true,"href":"https:\/\/sertsc.org.br\/site\/wp-json\/wp\/v2\/comments?post=9570"}],"version-history":[{"count":0,"href":"https:\/\/sertsc.org.br\/site\/wp-json\/wp\/v2\/posts\/9570\/revisions"}],"wp:featuredmedia":[{"embeddable":true,"href":"https:\/\/sertsc.org.br\/site\/wp-json\/"}],"wp:attachment":[{"href":"https:\/\/sertsc.org.br\/site\/wp-json\/wp\/v2\/media?parent=9570"}],"wp:term":[{"taxonomy":"category","embeddable":true,"href":"https:\/\/sertsc.org.br\/site\/wp-json\/wp\/v2\/categories?post=9570"},{"taxonomy":"post_tag","embeddable":true,"href":"https:\/\/sertsc.org.br\/site\/wp-json\/wp\/v2\/tags?post=9570"}],"curies":[{"name":"wp","href":"https:\/\/api.w.org\/{rel}","templated":true}]}}