{"id":9555,"date":"2019-02-13T12:01:25","date_gmt":"2019-02-13T14:01:25","guid":{"rendered":"http:\/\/www.sertsc.org.br\/site\/?p=9555"},"modified":"2019-02-13T12:01:25","modified_gmt":"2019-02-13T14:01:25","slug":"fechada-convencao-coletiva-de-trabalho-com-o-sindicato-dos-radialistas-do-nortenordeste-de-santa-catarina-2","status":"publish","type":"post","link":"https:\/\/sertsc.org.br\/site\/fechada-convencao-coletiva-de-trabalho-com-o-sindicato-dos-radialistas-do-nortenordeste-de-santa-catarina-2\/","title":{"rendered":"Fechada Conven\u00e7\u00e3o Coletiva de Trabalho com o Sindicato dos Radialistas do Norte\/Nordeste de Santa Catarina"},"content":{"rendered":"<p style=\"text-align: justify;\">O\u00a0<strong>SERT\/SC<\/strong>\u00a0\u2013 Sindicato das Empresas de R\u00e1dio e Televis\u00e3o do Estado de Santa Catarina, entidade sindical patronal,\u00a0<strong>COMUNICA<\/strong>\u00a0\u00e0 categoria econ\u00f4mica, que foi assinada na quarta-feira, 13, a\u00a0<a href=\"http:\/\/www.sertsc.org.br\/site\/wp-content\/uploads\/2016\/09\/CCT-NORTE-E-NORDESTE-ASSINADA-2018.pdf\">CCT<\/a>\u00a0\u2013 Conven\u00e7\u00e3o Coletiva de Trabalho, referente ao ano de 2019 com o\u00a0<strong>Sindicato dos Radialistas Profissionais e Empregados em Empresas de Radiodifus\u00e3o e Televis\u00e3o da Regi\u00e3o Norte\/Nordeste do Estado de SC, <\/strong><strong>na sede da R\u00e1dio Jovem Pan em Joinville<\/strong>. O reajuste ser\u00e1 de\u00a0<strong>3,8%<\/strong>. Os valores ficam de\u00a0<strong>R$ 1.003,00 para fun\u00e7\u00e3o n\u00e3o regulamentada<\/strong>, e<strong>\u00a0R$ 1.205,00 para\u00a0fun\u00e7\u00e3o regulamentada<\/strong>.\u00a0O retroativo referente janeiro dever\u00e1 ser inclu\u00eddo na folha de fevereiro (<strong>pagamento em mar\u00e7o<\/strong>).<\/p>\n<p style=\"text-align: justify;\">Foi acordada tamb\u00e9m a inclus\u00e3o da <strong>cl\u00e1usula 37<\/strong> a CCT, que possibilita o radialista que exerce a fun\u00e7\u00e3o de <strong>comunicador<\/strong> estender o intervalo ou descanso (intervalo intrajornada) <strong>at\u00e9 o limite de 06h<\/strong> (seis horas), observado a jornada de trabalho contratada, podendo existir mais de um intervalo, <strong>limitando a 02 (dois)<\/strong> na mesma jornada, sendo que, o per\u00edodo de intervalo, ainda que superior a 02h (duas horas) n\u00e3o caracteriza horas extras ou tempo a disposi\u00e7\u00e3o do empregador.<\/p>\n<p style=\"text-align: justify;\"><strong>Em breve a CCT estar\u00e1 dispon\u00edvel na \u00edntegra.<\/strong><\/p>\n<figure id=\"attachment_9556\" aria-describedby=\"caption-attachment-9556\" style=\"width: 710px\" class=\"wp-caption aligncenter\"><img fetchpriority=\"high\" decoding=\"async\" class=\"wp-image-9556 size-large\" src=\"http:\/\/www.sertsc.org.br\/site\/wp-content\/uploads\/2019\/02\/c86f1147-5f01-46eb-b92f-9ecefda833a1-1024x768.jpg\" alt=\"c86f1147-5f01-46eb-b92f-9ecefda833a1\" width=\"710\" height=\"533\" \/><figcaption id=\"caption-attachment-9556\" class=\"wp-caption-text\">Jos\u00e9 Eli Francisco, presidente do Sindicato dos Radialistas da Regi\u00e3o Norte\/Nordeste SC, Ana Paula Melo, Presidente do SERT\/SC, M\u00e1rio Jos\u00e9 De Souza Leal , diretor do Sindicato e diretor executivo do Cepat e o Dr. Marco Antonio Silveira, Assessor Jur\u00eddico do SERT\/SC.<\/figcaption><\/figure>\n<p>&nbsp;<\/p>\n<p><em>Assessoria de Comunica\u00e7\u00e3o do SERT\/SC.\u00a0<\/em><\/p>\n","protected":false},"excerpt":{"rendered":"<p>O\u00a0SERT\/SC\u00a0\u2013 Sindicato das Empresas de R\u00e1dio e Televis\u00e3o do Estado&hellip;<\/p>\n<p> <a class=\"more-link\" href=\"https:\/\/sertsc.org.br\/site\/fechada-convencao-coletiva-de-trabalho-com-o-sindicato-dos-radialistas-do-nortenordeste-de-santa-catarina-2\/\">Leia mais<\/a><\/p>\n","protected":false},"author":1,"featured_media":9556,"comment_status":"closed","ping_status":"open","sticky":false,"template":"","format":"standard","meta":{"footnotes":""},"categories":[33,3],"tags":[],"class_list":{"0":"post-9555","1":"post","2":"type-post","3":"status-publish","4":"format-standard","5":"has-post-thumbnail","7":"category-destaques","8":"category-noticias"},"_links":{"self":[{"href":"https:\/\/sertsc.org.br\/site\/wp-json\/wp\/v2\/posts\/9555","targetHints":{"allow":["GET"]}}],"collection":[{"href":"https:\/\/sertsc.org.br\/site\/wp-json\/wp\/v2\/posts"}],"about":[{"href":"https:\/\/sertsc.org.br\/site\/wp-json\/wp\/v2\/types\/post"}],"author":[{"embeddable":true,"href":"https:\/\/sertsc.org.br\/site\/wp-json\/wp\/v2\/users\/1"}],"replies":[{"embeddable":true,"href":"https:\/\/sertsc.org.br\/site\/wp-json\/wp\/v2\/comments?post=9555"}],"version-history":[{"count":0,"href":"https:\/\/sertsc.org.br\/site\/wp-json\/wp\/v2\/posts\/9555\/revisions"}],"wp:featuredmedia":[{"embeddable":true,"href":"https:\/\/sertsc.org.br\/site\/wp-json\/"}],"wp:attachment":[{"href":"https:\/\/sertsc.org.br\/site\/wp-json\/wp\/v2\/media?parent=9555"}],"wp:term":[{"taxonomy":"category","embeddable":true,"href":"https:\/\/sertsc.org.br\/site\/wp-json\/wp\/v2\/categories?post=9555"},{"taxonomy":"post_tag","embeddable":true,"href":"https:\/\/sertsc.org.br\/site\/wp-json\/wp\/v2\/tags?post=9555"}],"curies":[{"name":"wp","href":"https:\/\/api.w.org\/{rel}","templated":true}]}}