{"id":9547,"date":"2019-02-12T11:41:47","date_gmt":"2019-02-12T13:41:47","guid":{"rendered":"http:\/\/www.sertsc.org.br\/site\/?p=9547"},"modified":"2019-02-12T11:41:47","modified_gmt":"2019-02-12T13:41:47","slug":"prepare-se-para-o-dia-mundial-do-radio-2019","status":"publish","type":"post","link":"https:\/\/sertsc.org.br\/site\/prepare-se-para-o-dia-mundial-do-radio-2019\/","title":{"rendered":"Prepare-se para o Dia Mundial do R\u00e1dio 2019"},"content":{"rendered":"<p style=\"text-align: justify;\">R\u00e1dio celebrada no dia 13 de fevereiro de 2019, sob o tema: Di\u00e1logo, Toler\u00e2ncia e Paz. A UNESCO convida todas as esta\u00e7\u00f5es de r\u00e1dio, \u00f3rg\u00e3os reguladores e organiza\u00e7\u00f5es relacionadas a participar, visto que celebra o impacto do r\u00e1dio na busca de um mundo mais pac\u00edfico e tolerante.<\/p>\n<p class=\"bodytext\" style=\"text-align: justify;\">O r\u00e1dio nos informa, nos transforma e nos une. Re\u00fane pessoas e comunidades de todas as origens para promover um di\u00e1logo positivo para a mudan\u00e7a. Mais especificamente, o r\u00e1dio \u00e9 o meio perfeito para combater os apelos \u00e0 viol\u00eancia e \u00e0 dissemina\u00e7\u00e3o de conflitos. Convidamos as esta\u00e7\u00f5es de r\u00e1dio de todo o mundo para mostrar a import\u00e2ncia do r\u00e1dio como uma for\u00e7a para a participa\u00e7\u00e3o e o desenvolvimento c\u00edvico, bem como para celebrar a humanidade em sua diversidade.<\/p>\n<p class=\"bodytext\" style=\"text-align: justify;\">\n<p class=\"bodytext\" style=\"text-align: justify;\"><strong>O Dia Mundial do R\u00e1dio 2019 se concentrar\u00e1 nos seguintes subtemas:<\/strong><\/p>\n<ul style=\"text-align: justify;\">\n<li class=\"bodytext\">\u00a0Promovendo o Di\u00e1logo e a Participa\u00e7\u00e3o<\/li>\n<\/ul>\n<p class=\"bodytext\" style=\"text-align: justify;\">O r\u00e1dio pode ser uma excelente plataforma para o di\u00e1logo e a participa\u00e7\u00e3o c\u00edvica que permite que diferentes perspectivas sobre quest\u00f5es conflitantes sejam compartilhadas, de modo a aumentar a conscientiza\u00e7\u00e3o, inspirar a compreens\u00e3o e preparar o caminho para a a\u00e7\u00e3o positiva.<\/p>\n<p class=\"bodytext\" style=\"text-align: justify;\">\n<ul style=\"text-align: justify;\">\n<li>Unindo preocupa\u00e7\u00f5es comuns<\/li>\n<\/ul>\n<p class=\"bodytext\" style=\"text-align: justify;\">O r\u00e1dio tem o poder de aproximar a popula\u00e7\u00e3o, estimulando o debate p\u00fablico sobre quest\u00f5es comuns de preocupa\u00e7\u00e3o. Concentrando-se em causas comuns, as pessoas podem abstrair sua diferen\u00e7a e trabalhar juntas para tratar de preocupa\u00e7\u00f5es comuns.<\/p>\n<p class=\"bodytext\" style=\"text-align: justify;\">Um programa de r\u00e1dio europeu\u00a0 est\u00e1 organizando uma Competi\u00e7\u00e3o Mundial de R\u00e1dio, com a coopera\u00e7\u00e3o da UNESCO. As esta\u00e7\u00f5es de r\u00e1dio s\u00e3o convidadas a fazer uma produ\u00e7\u00e3o de som espec\u00edfica ou uma produ\u00e7\u00e3o como parte de um programa j\u00e1 existente na sua grade, sobre o tema &#8220;Di\u00e1logo, toler\u00e2ncia e paz&#8221;. Pr\u00eamios atraentes aguardam! Para mais informa\u00e7\u00f5es sobre o concurso, visite\u00a0<a href=\"http:\/\/www.world-radio-contest.org\/\" target=\"_blank\" rel=\"noopener noreferrer\">http:\/\/www.world-radio-contest.org\/<\/a>\u00a0(site em ingl\u00eas).<\/p>\n<p class=\"bodytext\" style=\"text-align: justify;\">Um evento aberto ao p\u00fablico ser\u00e1 organizado na sede da UNESCO, em Paris, Fran\u00e7a, na quarta-feira, 13\/02\/2019, com oficinas pr\u00e1ticas r\u00e1pidas e confer\u00eancias interativas. Junte-se a UNESCO neste evento para se familiarizar com os diferentes aspectos do r\u00e1dio e teste estar \u201cno r\u00e1dio\u201d, e discutir o impacto das t\u00e9cnicas de r\u00e1dio na liberdade de express\u00e3o e no direito \u00e0 informa\u00e7\u00e3o. Um est\u00fadio de r\u00e1dio tempor\u00e1rio ser\u00e1 instalado na UNESCO e tamb\u00e9m transmitir\u00e1 um programa especialmente produzido para o Dia, no DAB + (ConnectOnAir &#8211; Salon de la Radio, Frequ\u00eancia 9D) para audi\u00eancia em Paris e pela internet para audi\u00eancia em todo o mundo.<\/p>\n<p class=\"bodytext\" style=\"text-align: justify;\">Para saber mais sobre o Dia, visite\u00a0<a href=\"https:\/\/www.diamundialradio.org\/\" target=\"_blank\" rel=\"noopener noreferrer\">https:\/\/www.diamundialradio.org\/\u00a0<\/a>(em ingl\u00eas). O site tamb\u00e9m fornece mais informa\u00e7\u00f5es sobre como voc\u00ea pode participar das comemora\u00e7\u00f5es do Dia Mundial do R\u00e1dio de 2019. Adicione o seu evento ou programa ao nosso mapa global do Dia Mundial do R\u00e1dio 2019 para que pessoas do mundo inteiro possam sintonizar para ouvir o que voc\u00ea tem a dizer no Dia Mundial do R\u00e1dio.<\/p>\n<p class=\"bodytext\" style=\"text-align: justify;\">O dia 13 de fevereiro \u00e9 celebrado como Dia Internacional do R\u00e1dio, depois de ter sido proclamado pelos Estados-membro da UNESCO em 2011 e adotado pela Assembleia Geral das Na\u00e7\u00f5es Unidas em 2012. A data foi escolhida para comemorar o lan\u00e7amento da R\u00e1dio das Na\u00e7\u00f5es Unidas em 1946 e oferece uma oportunidade anual para celebrar o r\u00e1dio e o impacto que ele tem em nosso mundo.<\/p>\n<p class=\"bodytext\" style=\"text-align: justify;\">Fonte: UNESCO<\/p>\n<p class=\"bodytext\" style=\"text-align: justify;\">\n<p class=\"bodytext\" style=\"text-align: justify;\">\n<p class=\"bodytext\">\n","protected":false},"excerpt":{"rendered":"<p>R\u00e1dio celebrada no dia 13 de fevereiro de 2019, sob&hellip;<\/p>\n<p> <a class=\"more-link\" href=\"https:\/\/sertsc.org.br\/site\/prepare-se-para-o-dia-mundial-do-radio-2019\/\">Leia mais<\/a><\/p>\n","protected":false},"author":1,"featured_media":9551,"comment_status":"closed","ping_status":"open","sticky":false,"template":"","format":"standard","meta":{"footnotes":""},"categories":[3],"tags":[],"class_list":{"0":"post-9547","1":"post","2":"type-post","3":"status-publish","4":"format-standard","5":"has-post-thumbnail","7":"category-noticias"},"_links":{"self":[{"href":"https:\/\/sertsc.org.br\/site\/wp-json\/wp\/v2\/posts\/9547","targetHints":{"allow":["GET"]}}],"collection":[{"href":"https:\/\/sertsc.org.br\/site\/wp-json\/wp\/v2\/posts"}],"about":[{"href":"https:\/\/sertsc.org.br\/site\/wp-json\/wp\/v2\/types\/post"}],"author":[{"embeddable":true,"href":"https:\/\/sertsc.org.br\/site\/wp-json\/wp\/v2\/users\/1"}],"replies":[{"embeddable":true,"href":"https:\/\/sertsc.org.br\/site\/wp-json\/wp\/v2\/comments?post=9547"}],"version-history":[{"count":0,"href":"https:\/\/sertsc.org.br\/site\/wp-json\/wp\/v2\/posts\/9547\/revisions"}],"wp:featuredmedia":[{"embeddable":true,"href":"https:\/\/sertsc.org.br\/site\/wp-json\/"}],"wp:attachment":[{"href":"https:\/\/sertsc.org.br\/site\/wp-json\/wp\/v2\/media?parent=9547"}],"wp:term":[{"taxonomy":"category","embeddable":true,"href":"https:\/\/sertsc.org.br\/site\/wp-json\/wp\/v2\/categories?post=9547"},{"taxonomy":"post_tag","embeddable":true,"href":"https:\/\/sertsc.org.br\/site\/wp-json\/wp\/v2\/tags?post=9547"}],"curies":[{"name":"wp","href":"https:\/\/api.w.org\/{rel}","templated":true}]}}