{"id":9543,"date":"2019-02-11T15:38:13","date_gmt":"2019-02-11T17:38:13","guid":{"rendered":"http:\/\/www.sertsc.org.br\/site\/?p=9543"},"modified":"2019-02-11T15:38:13","modified_gmt":"2019-02-11T17:38:13","slug":"nota-de-pesar-5","status":"publish","type":"post","link":"https:\/\/sertsc.org.br\/site\/nota-de-pesar-5\/","title":{"rendered":"Nota de pesar"},"content":{"rendered":"<p style=\"text-align: justify;\">O Sindicato Patronal de R\u00e1dio e Televis\u00e3o de Santa Catarina &#8211; SERT\/SC lamenta profundamente o falecimento do jornalista Ricardo Boechat, devido a um acidente a\u00e9reo na tarde desta segunda-feira (11). O helic\u00f3pero que transportava Ricardo, depois de ter ministrado uma palestra em Campinas, caiu no Rodoanel, em S\u00e3o Paulo. A aeronave se chocou com um caminh\u00e3o.<\/p>\n<p style=\"text-align: justify;\">Jornalista desde a d\u00e9cada de 1970, J\u00e1 esteve presente nos principais jornais do pa\u00eds, como O Globo, O Dia, O Estado de S. Paulo e Jornal do Brasil. Foi tamb\u00e9m diretor de jornalismo na Band, trabalhou como \u00e2ncora em diversos jornais do Grupo Bandeirantes de Comunica\u00e7\u00e3o. Em, sua carreira colecionou tr\u00eas pr\u00eamios Esso, considerado o pr\u00eamio mais importante da profiss\u00e3o.<\/p>\n<p style=\"text-align: justify;\">A morte de Ricardo \u00e9 com certeza uma grande perda para o jornalismo brasileiro.<\/p>\n<p><img fetchpriority=\"high\" decoding=\"async\" class=\"aligncenter wp-image-9544 size-large\" src=\"http:\/\/www.sertsc.org.br\/site\/wp-content\/uploads\/2019\/02\/boechat-cf18b1d40b6d314afbf934c5a87a88d1-1200x600-1024x512.jpg\" alt=\"boechat-cf18b1d40b6d314afbf934c5a87a88d1-1200x600\" width=\"710\" height=\"355\" \/><\/p>\n<p style=\"text-align: justify;\">A Diretoria, filiadas e funcion\u00e1rios do SERT\/SC apresentam suas condol\u00eancias aos familiares e amigos de Ricardo Boechat.<\/p>\n<p>&nbsp;<\/p>\n<p style=\"text-align: center;\">Ana Paula Melo<br \/>\nPresidente do SERT\/SC<\/p>\n","protected":false},"excerpt":{"rendered":"<p>O Sindicato Patronal de R\u00e1dio e Televis\u00e3o de Santa Catarina&hellip;<\/p>\n<p> <a class=\"more-link\" href=\"https:\/\/sertsc.org.br\/site\/nota-de-pesar-5\/\">Leia mais<\/a><\/p>\n","protected":false},"author":1,"featured_media":9544,"comment_status":"closed","ping_status":"open","sticky":false,"template":"","format":"standard","meta":{"footnotes":""},"categories":[3],"tags":[],"class_list":{"0":"post-9543","1":"post","2":"type-post","3":"status-publish","4":"format-standard","5":"has-post-thumbnail","7":"category-noticias"},"_links":{"self":[{"href":"https:\/\/sertsc.org.br\/site\/wp-json\/wp\/v2\/posts\/9543","targetHints":{"allow":["GET"]}}],"collection":[{"href":"https:\/\/sertsc.org.br\/site\/wp-json\/wp\/v2\/posts"}],"about":[{"href":"https:\/\/sertsc.org.br\/site\/wp-json\/wp\/v2\/types\/post"}],"author":[{"embeddable":true,"href":"https:\/\/sertsc.org.br\/site\/wp-json\/wp\/v2\/users\/1"}],"replies":[{"embeddable":true,"href":"https:\/\/sertsc.org.br\/site\/wp-json\/wp\/v2\/comments?post=9543"}],"version-history":[{"count":0,"href":"https:\/\/sertsc.org.br\/site\/wp-json\/wp\/v2\/posts\/9543\/revisions"}],"wp:featuredmedia":[{"embeddable":true,"href":"https:\/\/sertsc.org.br\/site\/wp-json\/"}],"wp:attachment":[{"href":"https:\/\/sertsc.org.br\/site\/wp-json\/wp\/v2\/media?parent=9543"}],"wp:term":[{"taxonomy":"category","embeddable":true,"href":"https:\/\/sertsc.org.br\/site\/wp-json\/wp\/v2\/categories?post=9543"},{"taxonomy":"post_tag","embeddable":true,"href":"https:\/\/sertsc.org.br\/site\/wp-json\/wp\/v2\/tags?post=9543"}],"curies":[{"name":"wp","href":"https:\/\/api.w.org\/{rel}","templated":true}]}}