{"id":9109,"date":"2018-11-20T08:55:07","date_gmt":"2018-11-20T10:55:07","guid":{"rendered":"http:\/\/www.sertsc.org.br\/site\/?p=9109"},"modified":"2018-11-20T08:55:07","modified_gmt":"2018-11-20T10:55:07","slug":"sertsc-lanca-curso-sobre-programacao-de-radio-e-tv-nesta-sexta","status":"publish","type":"post","link":"https:\/\/sertsc.org.br\/site\/sertsc-lanca-curso-sobre-programacao-de-radio-e-tv-nesta-sexta\/","title":{"rendered":"SERT\/SC lan\u00e7a curso sobre programa\u00e7\u00e3o de r\u00e1dio e TV nesta sexta"},"content":{"rendered":"<p style=\"text-align: justify;\">O Sindicato das Empresas de R\u00e1dio e Televis\u00e3o de Santa Catarina \u2013 SERT\/SC promove mais um curso de extens\u00e3o in\u00e9dito no Brasil. Desta vez, o tema \u00e9 Programa\u00e7\u00e3o de R\u00e1dio e TV. Ap\u00f3s meses de trabalho e de grava\u00e7\u00f5es das teleaulas, a capacita\u00e7\u00e3o ficar\u00e1 acess\u00edvel a partir da pr\u00f3xima sexta-feira (23\/11).<\/p>\n<p style=\"text-align: justify;\">Todo o conte\u00fado do curso foi elaborado pelo professor Fernando Morgado, um dos maiores especialistas da Am\u00e9rica Latina em mercado de comunica\u00e7\u00e3o.<\/p>\n<p style=\"text-align: justify;\">A partir de sexta-feira, os filiados poder\u00e3o se inscrever de forma totalmente gratuita atrav\u00e9s do portal www.sertsc.org.br. Os alunos ter\u00e3o acesso \u00e0 teleaulas e, ap\u00f3s a conclus\u00e3o do curso, ganhar\u00e3o apostila e certificado.<\/p>\n<p>O curso mostrar\u00e1 as principais t\u00e9cnicas e conceitos que podem ser aplicados dentro das emissoras para ter melhores resultados de audi\u00eancia e de faturamento. Tamb\u00e9m ser\u00e3o abordados os poss\u00edveis usos das pesquisas de audi\u00eancia e os fatores internos e externos que mais impactam o desenvolvimento de estrat\u00e9gias de grade.<\/p>\n<p style=\"text-align: justify;\">Uma das grandes novidades desta capacita\u00e7\u00e3o \u00e9 que ela ser\u00e1 oferecida atrav\u00e9s de uma plataforma de ensino exclusiva do sindicato, refor\u00e7ando ainda mais os la\u00e7os com os filiados.<\/p>\n<p>&#8220;Temos a certeza de que o curso de Programa\u00e7\u00e3o de R\u00e1dio e TV ser\u00e1 mais um \u00eaxito dentro da trajet\u00f3ria do SERT\/SC, que \u00e9 pautada pela inova\u00e7\u00e3o constante e pela defesa intransigente da radiodifus\u00e3o catarinense&#8221;, declarou Dr. Carlos Alberto Ross, presidente do sindicato.<\/p>\n<p style=\"text-align: justify;\">Fonte: Acessoria de imprensa SERT\/SC<\/p>\n","protected":false},"excerpt":{"rendered":"<p>O Sindicato das Empresas de R\u00e1dio e Televis\u00e3o de Santa&hellip;<\/p>\n<p> <a class=\"more-link\" href=\"https:\/\/sertsc.org.br\/site\/sertsc-lanca-curso-sobre-programacao-de-radio-e-tv-nesta-sexta\/\">Leia mais<\/a><\/p>\n","protected":false},"author":1,"featured_media":9112,"comment_status":"closed","ping_status":"open","sticky":false,"template":"","format":"standard","meta":{"footnotes":""},"categories":[129,33],"tags":[],"class_list":{"0":"post-9109","1":"post","2":"type-post","3":"status-publish","4":"format-standard","5":"has-post-thumbnail","7":"category-cursos-ead","8":"category-destaques"},"_links":{"self":[{"href":"https:\/\/sertsc.org.br\/site\/wp-json\/wp\/v2\/posts\/9109","targetHints":{"allow":["GET"]}}],"collection":[{"href":"https:\/\/sertsc.org.br\/site\/wp-json\/wp\/v2\/posts"}],"about":[{"href":"https:\/\/sertsc.org.br\/site\/wp-json\/wp\/v2\/types\/post"}],"author":[{"embeddable":true,"href":"https:\/\/sertsc.org.br\/site\/wp-json\/wp\/v2\/users\/1"}],"replies":[{"embeddable":true,"href":"https:\/\/sertsc.org.br\/site\/wp-json\/wp\/v2\/comments?post=9109"}],"version-history":[{"count":0,"href":"https:\/\/sertsc.org.br\/site\/wp-json\/wp\/v2\/posts\/9109\/revisions"}],"wp:featuredmedia":[{"embeddable":true,"href":"https:\/\/sertsc.org.br\/site\/wp-json\/"}],"wp:attachment":[{"href":"https:\/\/sertsc.org.br\/site\/wp-json\/wp\/v2\/media?parent=9109"}],"wp:term":[{"taxonomy":"category","embeddable":true,"href":"https:\/\/sertsc.org.br\/site\/wp-json\/wp\/v2\/categories?post=9109"},{"taxonomy":"post_tag","embeddable":true,"href":"https:\/\/sertsc.org.br\/site\/wp-json\/wp\/v2\/tags?post=9109"}],"curies":[{"name":"wp","href":"https:\/\/api.w.org\/{rel}","templated":true}]}}