{"id":9071,"date":"2018-11-07T16:15:11","date_gmt":"2018-11-07T18:15:11","guid":{"rendered":"http:\/\/www.sertsc.org.br\/site\/?p=9071"},"modified":"2018-11-07T16:15:11","modified_gmt":"2018-11-07T18:15:11","slug":"reuniao-do-gsul-7o-seminario-do-sertsc","status":"publish","type":"post","link":"https:\/\/sertsc.org.br\/site\/reuniao-do-gsul-7o-seminario-do-sertsc\/","title":{"rendered":"Reuni\u00e3o do Gsul no 7\u00ba Semin\u00e1rio do SERT\/SC"},"content":{"rendered":"<p style=\"text-align: justify;\">O GRUPO GSUL, composto pelos tr\u00eas Sindicatos Patronais (SERT\/SC, SINDIR\u00c1DIO\/RS e SERT\/PR) e pelas tr\u00eas Associa\u00e7\u00f5es das Empresas de R\u00e1dio e TV (ACAERT, AERP e AGERT) reuniram-se durante o Semin\u00e1rio do SERT\/SC para tratar do futuro da radiodifus\u00e3o no Sul do Brasil.<\/p>\n<p style=\"text-align: justify;\">A reuni\u00e3o contou com a presen\u00e7a dos presidentes e convidados: Dr. Carlos Alberto Ross, presidente do SERT\/SC; Marcelo Corr\u00eaa Petrelli, presidente da ACAERT; Marise Westphal Hartke, Vice-presidente da ABERT; Christina Alvarez Gadret, presidente do SINDIR\u00c1DIO\/RS; Carlos Henrique Agustini, presidente do SERT\/PR; Cezar Telles, diretor comercial da AERP, representando o presidente Alexandre Barros; Roberto Cervo Mel\u00e3o, presidente da AGERT; Rani\u00e9ri Bertoli, Diretor Tesoureiro do SERT\/ACAERT e Dr. Ary dos Santos, ex-presidente do SINDIR\u00c1DIO e FENAERTE.<\/p>\n<p style=\"text-align: justify;\">O GRUPO GSUL tem como objetivo buscar atrav\u00e9s dos ve\u00edculos de R\u00e1dio e Televis\u00e3o dos tr\u00eas estados, a Constru\u00e7\u00e3o e a Integra\u00e7\u00e3o dos anseios da radiodifus\u00e3o, desta forma apoiando iniciativas que promovam a valoriza\u00e7\u00e3o do potencial social, pol\u00edtico e econ\u00f4mico da Regi\u00e3o Sul.<\/p>\n<p style=\"text-align: justify;\"><a href=\"http:\/\/www.sertsc.org.br\/site\/reuniao-do-gsul-7o-seminario-do-sertsc\/img_0068\/\" rel=\"attachment wp-att-9072\"><img fetchpriority=\"high\" decoding=\"async\" class=\"aligncenter size-full wp-image-9072\" src=\"http:\/\/www.sertsc.org.br\/site\/wp-content\/uploads\/2018\/11\/IMG_0068.jpg\" alt=\"IMG_0068\" width=\"1024\" height=\"682\" \/><\/a> +<a href=\"http:\/\/www.sertsc.org.br\/site\/reuniao-do-gsul-7o-seminario-do-sertsc\/img_0070\/\" rel=\"attachment wp-att-9073\"><img decoding=\"async\" class=\"aligncenter size-full wp-image-9073\" src=\"http:\/\/www.sertsc.org.br\/site\/wp-content\/uploads\/2018\/11\/IMG_0070.jpg\" alt=\"IMG_0070\" width=\"1024\" height=\"682\" \/><\/a><\/p>\n<p style=\"text-align: justify;\">Fonte: Assessoria de imprensa SERT\/SC<\/p>\n","protected":false},"excerpt":{"rendered":"<p>O GRUPO GSUL, composto pelos tr\u00eas Sindicatos Patronais (SERT\/SC, SINDIR\u00c1DIO\/RS&hellip;<\/p>\n<p> <a class=\"more-link\" href=\"https:\/\/sertsc.org.br\/site\/reuniao-do-gsul-7o-seminario-do-sertsc\/\">Leia mais<\/a><\/p>\n","protected":false},"author":1,"featured_media":9072,"comment_status":"closed","ping_status":"open","sticky":false,"template":"","format":"standard","meta":{"footnotes":""},"categories":[3],"tags":[],"class_list":{"0":"post-9071","1":"post","2":"type-post","3":"status-publish","4":"format-standard","5":"has-post-thumbnail","7":"category-noticias"},"_links":{"self":[{"href":"https:\/\/sertsc.org.br\/site\/wp-json\/wp\/v2\/posts\/9071","targetHints":{"allow":["GET"]}}],"collection":[{"href":"https:\/\/sertsc.org.br\/site\/wp-json\/wp\/v2\/posts"}],"about":[{"href":"https:\/\/sertsc.org.br\/site\/wp-json\/wp\/v2\/types\/post"}],"author":[{"embeddable":true,"href":"https:\/\/sertsc.org.br\/site\/wp-json\/wp\/v2\/users\/1"}],"replies":[{"embeddable":true,"href":"https:\/\/sertsc.org.br\/site\/wp-json\/wp\/v2\/comments?post=9071"}],"version-history":[{"count":0,"href":"https:\/\/sertsc.org.br\/site\/wp-json\/wp\/v2\/posts\/9071\/revisions"}],"wp:featuredmedia":[{"embeddable":true,"href":"https:\/\/sertsc.org.br\/site\/wp-json\/"}],"wp:attachment":[{"href":"https:\/\/sertsc.org.br\/site\/wp-json\/wp\/v2\/media?parent=9071"}],"wp:term":[{"taxonomy":"category","embeddable":true,"href":"https:\/\/sertsc.org.br\/site\/wp-json\/wp\/v2\/categories?post=9071"},{"taxonomy":"post_tag","embeddable":true,"href":"https:\/\/sertsc.org.br\/site\/wp-json\/wp\/v2\/tags?post=9071"}],"curies":[{"name":"wp","href":"https:\/\/api.w.org\/{rel}","templated":true}]}}