{"id":9067,"date":"2018-11-07T15:51:52","date_gmt":"2018-11-07T17:51:52","guid":{"rendered":"http:\/\/www.sertsc.org.br\/site\/?p=9067"},"modified":"2018-11-07T15:51:52","modified_gmt":"2018-11-07T17:51:52","slug":"chip-fm-no-celular-sera-obrigatorio-na-argentina","status":"publish","type":"post","link":"https:\/\/sertsc.org.br\/site\/chip-fm-no-celular-sera-obrigatorio-na-argentina\/","title":{"rendered":"Chip FM no celular ser\u00e1 obrigat\u00f3rio na Argentina"},"content":{"rendered":"<div class=\"itemIntroText\">\n<p style=\"text-align: justify;\">Os aparelhos celulares fabricados na Argentina dever\u00e3o ter o chip de r\u00e1dio FM desbloqueado. Projeto de resolu\u00e7\u00e3o proposto pelo Enacom (Ente Nacional de Comunicaciones, subordinado ao Minist\u00e9rio das Comunica\u00e7\u00f5es argentino), respons\u00e1vel por conduzir o processo de converg\u00eancia tecnol\u00f3gica no pa\u00eds vizinho, determinou que todos os aparelhos saiam de f\u00e1brica com a funcionalidade do r\u00e1dio FM. A norma foi publicada em 10 de outubro.<\/p>\n<\/div>\n<div class=\"itemFullText\">\n<p style=\"text-align: justify;\">A libera\u00e7\u00e3o do chip FM nos aparelhos celulares sempre foi uma prioridade da ABERT. Seguindo uma tend\u00eancia mundial, a Associa\u00e7\u00e3o lan\u00e7ou, em 2014, a campanha \u201cSmart \u00e9 ter r\u00e1dio de gra\u00e7a no celular\u201d, orientando o ouvinte a sempre escolher, na hora da compra, um aparelho celular que tenha o dispositivo de recep\u00e7\u00e3o de FM embutido. A campanha destaca que, com o FM no celular, n\u00e3o \u00e9 necess\u00e1rio usar a internet e nem pagar pelo pacote de dados do plano, al\u00e9m de ter um baixo consumo de bateria.<\/p>\n<p style=\"text-align: justify;\">Em novembro de 2017, a Associa\u00e7\u00e3o Internacional de Radiodifus\u00e3o (AIR) aprovou, em assembleia geral realizada em Buenos Aires, na Argentina, resolu\u00e7\u00e3o da ABERT que pressiona os pa\u00edses a incluir o chip FM nos celulares\u00a0<strong>(<a href=\"http:\/\/www.airiab.com\/admin\/files\/airiab\/upload\/files\/Doc.30-2017%20-%20Chip%20FM.pdf\">aqui)<\/a><\/strong>. Tamb\u00e9m ap\u00f3s intenso trabalho da ABERT junto ao governo federal e aos parlamentares, foi aprovado pela Comiss\u00e3o de Ci\u00eancia, Tecnologia, Comunica\u00e7\u00e3o e Inform\u00e1tica da C\u00e2mara dos Deputados (CCTCI), o projeto de lei (PL8438\/17) de autoria do deputado Sandro Alex (PSD-PR), que obriga a inser\u00e7\u00e3o e habilita\u00e7\u00e3o do chip FM em todos os celulares fabricados no Brasil.<\/p>\n<p style=\"text-align: justify;\">\u201cNo Brasil, diferentemente da Argentina, para que o chip FM seja obrigat\u00f3rio no celular, \u00e9 preciso ter aprovado um projeto de lei, que j\u00e1 est\u00e1 em tramita\u00e7\u00e3o no Congresso Nacional. E esta \u00e9 uma das prioridades da ABERT\u201d, afirma o diretor geral Cristiano Lobato Flores.<\/p>\n<p style=\"text-align: justify;\">Atualmente, a proposta est\u00e1 em an\u00e1lise na Comiss\u00e3o de Desenvolvimento Econ\u00f4mico, Ind\u00fastria, Com\u00e9rcio e Servi\u00e7os (CDEICS).<\/p>\n<p style=\"text-align: justify;\">\u201cA ABERT acredita que o r\u00e1dio \u00e9 um poderoso e importante meio de comunica\u00e7\u00e3o gratuito para a popula\u00e7\u00e3o e o projeto de lei protege os consumidores com menor poder aquisitivo, j\u00e1 que escutar r\u00e1dio por streaming consome os cr\u00e9ditos do plano de dados, inviabilizando o acesso \u00e0 programa\u00e7\u00e3o\u201d, destaca Flores.<\/p>\n<p style=\"text-align: justify;\">O presidente da Arpa (Asociacion de Radiodifusoras Privadas Argentinas), Edmundo Rebora, incentivou a formula\u00e7\u00e3o da resolu\u00e7\u00e3o argentina, ap\u00f3s conhecer o projeto de lei brasileiro, durante um encontro promovido pela AERP (Associa\u00e7\u00e3o das Emissoras de Radiodifus\u00e3o do Paran\u00e1), que debateu o problema das emissoras irregulares que atuam na fronteira do Brasil e Argentina.<\/p>\n<p style=\"text-align: justify;\">O FM gratuito nos celulares j\u00e1 \u00e9 obrigat\u00f3rio no M\u00e9xico e est\u00e1 em debate no Congresso dos Estados Unidos, ap\u00f3s a Uni\u00e3o Internacional de Telecomunica\u00e7\u00f5es (UIT) e a Comiss\u00e3o Federal de Comunica\u00e7\u00f5es (FCC), \u00f3rg\u00e3o que regulamenta o servi\u00e7o de telecomunica\u00e7\u00f5es nos Estados Unidos, emitirem documentos sugerindo que os fabricantes de celulares permitam que o r\u00e1dio esteja em todos os aparelhos fabricados no pa\u00eds.<\/p>\n<p style=\"text-align: justify;\"><strong>Pesquisa da ABERT mostra o que acontece no Brasil<\/strong><\/p>\n<p style=\"text-align: justify;\">Estudos da ABERT mostram que dos 275 modelos de celulares dispon\u00edveis no mercado brasileiro, 179 t\u00eam o chip FM ativado. A mesma pesquisa mostra que 100% dos aparelhos mais simples, de at\u00e9 R$ 300, t\u00eam r\u00e1dio FM integrado. Nos aparelhos mais caros (smartphones), acima de R$ 1.000, esse n\u00famero cai para apenas 57%. Nos smartphones, os fabricantes seguem uma tend\u00eancia de n\u00e3o ativar o chip existente no aparelho, for\u00e7ando o consumidor a usar o plano de dados para ouvir sua emissora.<\/p>\n<p style=\"text-align: justify;\">A empresa fabricante de aparelhos celulares Samsung j\u00e1 anunciou o desbloqueio do chip de r\u00e1dio FM nos smartphones fabricados nos Estados Unidos e Canad\u00e1. Al\u00e9m da gigante coreana, a Alcatel, LG e Motorola tamb\u00e9m se comprometeram em habilitar a recep\u00e7\u00e3o de FM em seus futuros celulares. \u201cA expectativa da ABERT \u00e9 que essa determina\u00e7\u00e3o chegue, tamb\u00e9m, ao Brasil\u201d, afirma Flores.<\/p>\n<p style=\"text-align: justify;\"><strong>FM no celular n\u00e3o encarecer\u00e1 pre\u00e7o de celular<\/strong><\/p>\n<p style=\"text-align: justify;\">De acordo com a ABERT, a aprova\u00e7\u00e3o do projeto de lei que obriga as empresas fabricantes ou montadoras de celular a disponibilizar a recep\u00e7\u00e3o do r\u00e1dio FM n\u00e3o ir\u00e1 encarecer o pre\u00e7o dos aparelhos vendidos no Brasil.<\/p>\n<p style=\"text-align: justify;\">Os celulares j\u00e1 s\u00e3o fabricados com chip FM e alguns modelos s\u00e3o comercializados com o dispositivo desativado.<\/p>\n<p style=\"text-align: justify;\">\u201cPermitir que o consumidor compre celulares com o r\u00e1dio FM, fonte gratuita de entretenimento, servi\u00e7o e informa\u00e7\u00e3o, \u00e9 sim, oferecer a ele a liberdade de escolha em ouvir sua programa\u00e7\u00e3o favorita e de forma gratuita\u201d, conclui Flores.<\/p>\n<\/div>\n<p style=\"text-align: justify;\">Fonte: ABERT.<\/p>\n","protected":false},"excerpt":{"rendered":"<p>Os aparelhos celulares fabricados na Argentina dever\u00e3o ter o chip&hellip;<\/p>\n<p> <a class=\"more-link\" href=\"https:\/\/sertsc.org.br\/site\/chip-fm-no-celular-sera-obrigatorio-na-argentina\/\">Leia mais<\/a><\/p>\n","protected":false},"author":1,"featured_media":8075,"comment_status":"closed","ping_status":"open","sticky":false,"template":"","format":"standard","meta":{"footnotes":""},"categories":[3],"tags":[],"class_list":{"0":"post-9067","1":"post","2":"type-post","3":"status-publish","4":"format-standard","5":"has-post-thumbnail","7":"category-noticias"},"_links":{"self":[{"href":"https:\/\/sertsc.org.br\/site\/wp-json\/wp\/v2\/posts\/9067","targetHints":{"allow":["GET"]}}],"collection":[{"href":"https:\/\/sertsc.org.br\/site\/wp-json\/wp\/v2\/posts"}],"about":[{"href":"https:\/\/sertsc.org.br\/site\/wp-json\/wp\/v2\/types\/post"}],"author":[{"embeddable":true,"href":"https:\/\/sertsc.org.br\/site\/wp-json\/wp\/v2\/users\/1"}],"replies":[{"embeddable":true,"href":"https:\/\/sertsc.org.br\/site\/wp-json\/wp\/v2\/comments?post=9067"}],"version-history":[{"count":0,"href":"https:\/\/sertsc.org.br\/site\/wp-json\/wp\/v2\/posts\/9067\/revisions"}],"wp:featuredmedia":[{"embeddable":true,"href":"https:\/\/sertsc.org.br\/site\/wp-json\/"}],"wp:attachment":[{"href":"https:\/\/sertsc.org.br\/site\/wp-json\/wp\/v2\/media?parent=9067"}],"wp:term":[{"taxonomy":"category","embeddable":true,"href":"https:\/\/sertsc.org.br\/site\/wp-json\/wp\/v2\/categories?post=9067"},{"taxonomy":"post_tag","embeddable":true,"href":"https:\/\/sertsc.org.br\/site\/wp-json\/wp\/v2\/tags?post=9067"}],"curies":[{"name":"wp","href":"https:\/\/api.w.org\/{rel}","templated":true}]}}