{"id":8902,"date":"2018-10-16T14:09:17","date_gmt":"2018-10-16T17:09:17","guid":{"rendered":"http:\/\/www.sertsc.org.br\/site\/?p=8902"},"modified":"2018-10-16T14:09:17","modified_gmt":"2018-10-16T17:09:17","slug":"kassab-confirma-moises-moreira-na-presidencia-da-anatel","status":"publish","type":"post","link":"https:\/\/sertsc.org.br\/site\/kassab-confirma-moises-moreira-na-presidencia-da-anatel\/","title":{"rendered":"Kassab confirma Mois\u00e9s Moreira na presid\u00eancia da Anatel"},"content":{"rendered":"<p style=\"text-align: justify;\">O ministro de Ci\u00eancia, Tecnologia, Inova\u00e7\u00f5es e Comunica\u00e7\u00f5es, Gilberto Kassab, informou que foi definido pelo presidente Michel Temer o nome do novo presidente da Anatel a ser encaminhado para o Senado nos pr\u00f3ximos dias: ser\u00e1 o do secret\u00e1rio de radiodifus\u00e3o do MCTIC, Mois\u00e9s Queiroz Moreira. Segundo ele, o prazo para a aprova\u00e7\u00e3o do nome depende do Senado, mas ele acredita que n\u00e3o haver\u00e1 problemas. Kassab disse que o atual presidente da Anatel, Juarez Quadros, foi consultado para uma eventual recondu\u00e7\u00e3o mas declinou do convite. Durante a abertura da Futurecom 2018, que acontece esta semana em S\u00e3o Paulo, o ministro se dirigiu a Quadros em tom de homenagem. &#8220;Juarez Quadros \u00e9 um dos mais competentes homens p\u00fablicos e tem feito um extraordin\u00e1rio trabalho. Se tem algo que me honrou foi ter contato com a sua experi\u00eancia. O setor e o Brasil devem muito a ele&#8221;, disse Kassab.<\/p>\n<p style=\"text-align: justify;\">Fonte: Tela Viva<\/p>\n","protected":false},"excerpt":{"rendered":"<p>O ministro de Ci\u00eancia, Tecnologia, Inova\u00e7\u00f5es e Comunica\u00e7\u00f5es, Gilberto Kassab,&hellip;<\/p>\n<p> <a class=\"more-link\" href=\"https:\/\/sertsc.org.br\/site\/kassab-confirma-moises-moreira-na-presidencia-da-anatel\/\">Leia mais<\/a><\/p>\n","protected":false},"author":1,"featured_media":8903,"comment_status":"closed","ping_status":"open","sticky":false,"template":"","format":"standard","meta":{"footnotes":""},"categories":[3],"tags":[],"class_list":{"0":"post-8902","1":"post","2":"type-post","3":"status-publish","4":"format-standard","5":"has-post-thumbnail","7":"category-noticias"},"_links":{"self":[{"href":"https:\/\/sertsc.org.br\/site\/wp-json\/wp\/v2\/posts\/8902","targetHints":{"allow":["GET"]}}],"collection":[{"href":"https:\/\/sertsc.org.br\/site\/wp-json\/wp\/v2\/posts"}],"about":[{"href":"https:\/\/sertsc.org.br\/site\/wp-json\/wp\/v2\/types\/post"}],"author":[{"embeddable":true,"href":"https:\/\/sertsc.org.br\/site\/wp-json\/wp\/v2\/users\/1"}],"replies":[{"embeddable":true,"href":"https:\/\/sertsc.org.br\/site\/wp-json\/wp\/v2\/comments?post=8902"}],"version-history":[{"count":0,"href":"https:\/\/sertsc.org.br\/site\/wp-json\/wp\/v2\/posts\/8902\/revisions"}],"wp:featuredmedia":[{"embeddable":true,"href":"https:\/\/sertsc.org.br\/site\/wp-json\/"}],"wp:attachment":[{"href":"https:\/\/sertsc.org.br\/site\/wp-json\/wp\/v2\/media?parent=8902"}],"wp:term":[{"taxonomy":"category","embeddable":true,"href":"https:\/\/sertsc.org.br\/site\/wp-json\/wp\/v2\/categories?post=8902"},{"taxonomy":"post_tag","embeddable":true,"href":"https:\/\/sertsc.org.br\/site\/wp-json\/wp\/v2\/tags?post=8902"}],"curies":[{"name":"wp","href":"https:\/\/api.w.org\/{rel}","templated":true}]}}