{"id":8898,"date":"2018-10-11T15:08:18","date_gmt":"2018-10-11T18:08:18","guid":{"rendered":"http:\/\/www.sertsc.org.br\/site\/?p=8898"},"modified":"2018-10-11T15:08:18","modified_gmt":"2018-10-11T18:08:18","slug":"radio-itapiranga-sera-inaugurada-neste-sabado-junto-da-oktoberfest","status":"publish","type":"post","link":"https:\/\/sertsc.org.br\/site\/radio-itapiranga-sera-inaugurada-neste-sabado-junto-da-oktoberfest\/","title":{"rendered":"R\u00e1dio Itapiranga ser\u00e1 inaugurada neste s\u00e1bado junto da Oktoberfest"},"content":{"rendered":"<p style=\"text-align: justify;\">No pr\u00f3ximo s\u00e1bado, 13, junto com a programa\u00e7\u00e3o da 40\u00aa Oktoberfest em Itapiranga, acontece a inaugura\u00e7\u00e3o do Edif\u00edcio Peperi, onde funciona a R\u00e1dio Itapiranga.<\/p>\n<p style=\"text-align: justify;\">Para o diretor da Rede Peperi, jornalista Adilson Baldissera, a constru\u00e7\u00e3o do Condom\u00ednio R\u00e1dio Itapiranga \u00e9 um presente da Peperi para o povo do munic\u00edpio e da regi\u00e3o.<\/p>\n<p style=\"text-align: justify;\">Ele destaca, ainda, que a administra\u00e7\u00e3o da Peperi \u00e9 feita valorizando a cultura de cada regi\u00e3o onde atua. Em breve, ser\u00e1 inaugurado o Cine Peperi de Itapiranga.<\/p>\n<p style=\"text-align: justify;\"><a href=\"http:\/\/www.sertsc.org.br\/site\/radio-itapiranga-sera-inaugurada-neste-sabado-junto-da-oktoberfest\/peperi\/\" rel=\"attachment wp-att-8899\"><img fetchpriority=\"high\" decoding=\"async\" class=\"aligncenter size-full wp-image-8899\" src=\"http:\/\/www.sertsc.org.br\/site\/wp-content\/uploads\/2018\/10\/peperi.jpg\" alt=\"peperi\" width=\"550\" height=\"414\" \/><\/a><\/p>\n<p style=\"text-align: justify;\">Fonte: Portal Rede Peperi.<\/p>\n<p style=\"text-align: justify;\">\n","protected":false},"excerpt":{"rendered":"<p>No pr\u00f3ximo s\u00e1bado, 13, junto com a programa\u00e7\u00e3o da 40\u00aa&hellip;<\/p>\n<p> <a class=\"more-link\" href=\"https:\/\/sertsc.org.br\/site\/radio-itapiranga-sera-inaugurada-neste-sabado-junto-da-oktoberfest\/\">Leia mais<\/a><\/p>\n","protected":false},"author":1,"featured_media":8899,"comment_status":"closed","ping_status":"open","sticky":false,"template":"","format":"standard","meta":{"footnotes":""},"categories":[3],"tags":[],"class_list":{"0":"post-8898","1":"post","2":"type-post","3":"status-publish","4":"format-standard","5":"has-post-thumbnail","7":"category-noticias"},"_links":{"self":[{"href":"https:\/\/sertsc.org.br\/site\/wp-json\/wp\/v2\/posts\/8898","targetHints":{"allow":["GET"]}}],"collection":[{"href":"https:\/\/sertsc.org.br\/site\/wp-json\/wp\/v2\/posts"}],"about":[{"href":"https:\/\/sertsc.org.br\/site\/wp-json\/wp\/v2\/types\/post"}],"author":[{"embeddable":true,"href":"https:\/\/sertsc.org.br\/site\/wp-json\/wp\/v2\/users\/1"}],"replies":[{"embeddable":true,"href":"https:\/\/sertsc.org.br\/site\/wp-json\/wp\/v2\/comments?post=8898"}],"version-history":[{"count":0,"href":"https:\/\/sertsc.org.br\/site\/wp-json\/wp\/v2\/posts\/8898\/revisions"}],"wp:featuredmedia":[{"embeddable":true,"href":"https:\/\/sertsc.org.br\/site\/wp-json\/"}],"wp:attachment":[{"href":"https:\/\/sertsc.org.br\/site\/wp-json\/wp\/v2\/media?parent=8898"}],"wp:term":[{"taxonomy":"category","embeddable":true,"href":"https:\/\/sertsc.org.br\/site\/wp-json\/wp\/v2\/categories?post=8898"},{"taxonomy":"post_tag","embeddable":true,"href":"https:\/\/sertsc.org.br\/site\/wp-json\/wp\/v2\/tags?post=8898"}],"curies":[{"name":"wp","href":"https:\/\/api.w.org\/{rel}","templated":true}]}}