{"id":8894,"date":"2018-10-11T09:20:36","date_gmt":"2018-10-11T12:20:36","guid":{"rendered":"http:\/\/www.sertsc.org.br\/site\/?p=8894"},"modified":"2018-10-11T09:20:36","modified_gmt":"2018-10-11T12:20:36","slug":"propaganda-eleitoral-no-2o-turno-confira-as-orientacoes-para-emissoras-de-radio","status":"publish","type":"post","link":"https:\/\/sertsc.org.br\/site\/propaganda-eleitoral-no-2o-turno-confira-as-orientacoes-para-emissoras-de-radio\/","title":{"rendered":"Propaganda Eleitoral no 2\u00ba turno: confira as orienta\u00e7\u00f5es para emissoras de r\u00e1dio"},"content":{"rendered":"<p style=\"text-align: justify;\">Na pr\u00f3xima sexta-feira (12\/10), come\u00e7a a propaganda eleitoral gratuita do segundo turno. No Paran\u00e1, como a elei\u00e7\u00e3o para o cargo de governador foi definida no \u00faltimo domingo (06\/10), haver\u00e1 somente a transmiss\u00e3o dos programas dos candidatos \u00e0 Presid\u00eancia da Rep\u00fablica.<\/p>\n<p style=\"text-align: justify;\">Confira as orienta\u00e7\u00f5es para as emissoras de r\u00e1dio disponibilizadas pelo Tribunal Superior Eleitoral (TSE) com base na Resolu\u00e7\u00e3o 23.551\/2017 e que dever\u00e3o ser complementadas por nova resolu\u00e7\u00e3o que ser\u00e1 divulgada pelo \u00f3rg\u00e3o ap\u00f3s a sess\u00e3o desta quinta-feira (11\/10):<\/p>\n<p style=\"text-align: justify;\"><strong>Propaganda em Rede:<\/strong><br \/>\n<strong>1)<\/strong> Dura\u00e7\u00e3o: 10 minutos (propaganda para presidente \u2013 5 min para cada candidato)<br \/>\n<strong>2)<\/strong> Cronograma: 12 a 26\/10<br \/>\n<strong>3)<\/strong> Dias da Semana: de segunda a s\u00e1bado<br \/>\n<strong>4)<\/strong> Hor\u00e1rios no r\u00e1dio: 7h \u00e0s 7h10min e 12h \u00e0s 12h10min<br \/>\n<strong>5)<\/strong> Capta\u00e7\u00e3o: os programas ser\u00e3o gerados pela Empresa Brasil de Comunica\u00e7\u00e3o (EBC), podendo ser captados ap\u00f3s as 18h pelo sinal da Voz do Brasil (R\u00e1dioSat EBC), respeitados os seguintes par\u00e2metros:<br \/>\nI- Sat\u00e9lite Digital STAR ONEC2;<br \/>\nII- Frequ\u00eancia Central: 3.755,5 Mhz;<br \/>\nIII- Polariza\u00e7\u00e3o: Horizontal;<br \/>\nIV- Symbol Rate: 7.500 MSYm\/S;<br \/>\nV- Canal: Servi\u00e7o 1 TV NBR;<br \/>\nVI- FEC.2\/3 (dois ter\u00e7os);<br \/>\nVII- Pid V\u00eddeo: 0308DEC;<br \/>\nVIII- PCR: 8190 dec;<br \/>\nIX- Modula\u00e7\u00e3o QPSK; e<br \/>\nX- Pid \u00c1udio R\u00e1dio: 0257DEC \u2013 Lado Esquerdo, Rede Nacional de R\u00e1dio.<br \/>\n<strong>6)<\/strong> Alternativamente, as r\u00e1dios poder\u00e3o acessar os programas pelo site do TSE (www.tse.jus.br), ap\u00f3s as 19h.<\/p>\n<p style=\"text-align: justify;\"><strong>Inser\u00e7\u00f5es:<\/strong><br \/>\n<strong>1)<\/strong> Dura\u00e7\u00e3o: 25 minutos (divididos igualitariamente entre os dois candidatos)<br \/>\n<strong>2)<\/strong> Distribui\u00e7\u00e3o: de segunda a domingo, ao longo da programa\u00e7\u00e3o, entre 5h e 24h.<br \/>\n<strong>3)<\/strong> Blocos de Audi\u00eancia: 5h-11h; 11h-18h e 18h-24h<br \/>\n<strong>4)<\/strong> Spots e mapas de m\u00eddia: ser\u00e3o disponibilizados exclusivamente na p\u00e1gina do TSE, entre 18h e 20h.<\/p>\n<p style=\"text-align: justify;\">\n<p style=\"text-align: justify;\"><strong>Aten\u00e7\u00e3o:<\/strong> o TSE orienta que as emissoras observem constantemente a p\u00e1gina onde os materiais ser\u00e3o liberados, pois podem ocorrer atualiza\u00e7\u00f5es e substitui\u00e7\u00f5es ao longo do dia em fun\u00e7\u00e3o de decis\u00f5es judiciais.<\/p>\n<p style=\"text-align: justify;\">Fonte: AERP<\/p>\n","protected":false},"excerpt":{"rendered":"<p>Na pr\u00f3xima sexta-feira (12\/10), come\u00e7a a propaganda eleitoral gratuita do&hellip;<\/p>\n<p> <a class=\"more-link\" href=\"https:\/\/sertsc.org.br\/site\/propaganda-eleitoral-no-2o-turno-confira-as-orientacoes-para-emissoras-de-radio\/\">Leia mais<\/a><\/p>\n","protected":false},"author":1,"featured_media":8895,"comment_status":"closed","ping_status":"open","sticky":false,"template":"","format":"standard","meta":{"footnotes":""},"categories":[3],"tags":[],"class_list":{"0":"post-8894","1":"post","2":"type-post","3":"status-publish","4":"format-standard","5":"has-post-thumbnail","7":"category-noticias"},"_links":{"self":[{"href":"https:\/\/sertsc.org.br\/site\/wp-json\/wp\/v2\/posts\/8894","targetHints":{"allow":["GET"]}}],"collection":[{"href":"https:\/\/sertsc.org.br\/site\/wp-json\/wp\/v2\/posts"}],"about":[{"href":"https:\/\/sertsc.org.br\/site\/wp-json\/wp\/v2\/types\/post"}],"author":[{"embeddable":true,"href":"https:\/\/sertsc.org.br\/site\/wp-json\/wp\/v2\/users\/1"}],"replies":[{"embeddable":true,"href":"https:\/\/sertsc.org.br\/site\/wp-json\/wp\/v2\/comments?post=8894"}],"version-history":[{"count":0,"href":"https:\/\/sertsc.org.br\/site\/wp-json\/wp\/v2\/posts\/8894\/revisions"}],"wp:featuredmedia":[{"embeddable":true,"href":"https:\/\/sertsc.org.br\/site\/wp-json\/"}],"wp:attachment":[{"href":"https:\/\/sertsc.org.br\/site\/wp-json\/wp\/v2\/media?parent=8894"}],"wp:term":[{"taxonomy":"category","embeddable":true,"href":"https:\/\/sertsc.org.br\/site\/wp-json\/wp\/v2\/categories?post=8894"},{"taxonomy":"post_tag","embeddable":true,"href":"https:\/\/sertsc.org.br\/site\/wp-json\/wp\/v2\/tags?post=8894"}],"curies":[{"name":"wp","href":"https:\/\/api.w.org\/{rel}","templated":true}]}}