{"id":7878,"date":"2018-06-19T10:59:03","date_gmt":"2018-06-19T13:59:03","guid":{"rendered":"http:\/\/www.sertsc.org.br\/site\/?p=7878"},"modified":"2018-06-19T10:59:03","modified_gmt":"2018-06-19T13:59:03","slug":"pesquisa-aponta-brasil-e-pais-que-mais-se-preocupa-com-fake-news","status":"publish","type":"post","link":"https:\/\/sertsc.org.br\/site\/pesquisa-aponta-brasil-e-pais-que-mais-se-preocupa-com-fake-news\/","title":{"rendered":"Pesquisa aponta: Brasil \u00e9 pa\u00eds que mais se preocupa com fake news"},"content":{"rendered":"<p style=\"text-align: justify;\">O Brasil aparece como o pa\u00eds mais preocupado com as chamadas \u201cnot\u00edcias falsas\u201d (fake news) no estudo global \u201c<a href=\"http:\/\/www.digitalnewsreport.org\/\">2018 Digital News Report<\/a>\u201d, do Instituto de Estudos de Jornalismo da Reuters, que analisou a realidade de 37 na\u00e7\u00f5es.<\/p>\n<p style=\"text-align: justify;\">Dos entrevistados brasileiros, 85% manifestaram preocupa\u00e7\u00e3o com a veracidade e a possibilidade de manipula\u00e7\u00e3o nas not\u00edcias lidas. A lista \u00e9 seguida por Portugal (71%), Espanha (69%), Chile (66%) e Gr\u00e9cia (66%). Na opini\u00e3o dos autores, a polariza\u00e7\u00e3o pol\u00edtica nesses pa\u00edses provocada por elei\u00e7\u00f5es, referendos e outros grandes processos de disputa na sociedade podem ter favorecido essa percep\u00e7\u00e3o.<\/p>\n<p style=\"text-align: justify;\">J\u00e1 os menos preocupados com a possibilidade de uma not\u00edcia n\u00e3o ser verdadeira ou contar algum tipo de desinforma\u00e7\u00e3o s\u00e3o Holanda (30%), Dinamarca (36%), Su\u00e9cia (36%), Alemanha (37%) e \u00c1ustria (38%). Os autores destacaram na an\u00e1lise que, diferentemente dos Estados Unidos, a Alemanha passou recentemente por elei\u00e7\u00f5es em que a dissemina\u00e7\u00e3o de not\u00edcias falsas n\u00e3o apareceu como um problema grave.<\/p>\n<p style=\"text-align: justify;\">Quando tomada a amostra de forma conjunta, a m\u00e9dia geral das pessoas consultadas pelo levantamento preocupadas com a veracidade das informa\u00e7\u00f5es lidas na Internet ficou em 54%.<\/p>\n<p style=\"text-align: justify;\">O estudo tamb\u00e9m apontou que o uso do Facebook para a leitura de not\u00edcias come\u00e7ou a cair, principalmente entre os mais jovens.<\/p>\n<p style=\"text-align: justify;\">\n<p style=\"text-align: justify;\">FONTE: Portal Makingof.<\/p>\n","protected":false},"excerpt":{"rendered":"<p>O Brasil aparece como o pa\u00eds mais preocupado com as&hellip;<\/p>\n<p> <a class=\"more-link\" href=\"https:\/\/sertsc.org.br\/site\/pesquisa-aponta-brasil-e-pais-que-mais-se-preocupa-com-fake-news\/\">Leia mais<\/a><\/p>\n","protected":false},"author":1,"featured_media":7879,"comment_status":"closed","ping_status":"open","sticky":false,"template":"","format":"standard","meta":{"footnotes":""},"categories":[3],"tags":[],"class_list":{"0":"post-7878","1":"post","2":"type-post","3":"status-publish","4":"format-standard","5":"has-post-thumbnail","7":"category-noticias"},"_links":{"self":[{"href":"https:\/\/sertsc.org.br\/site\/wp-json\/wp\/v2\/posts\/7878","targetHints":{"allow":["GET"]}}],"collection":[{"href":"https:\/\/sertsc.org.br\/site\/wp-json\/wp\/v2\/posts"}],"about":[{"href":"https:\/\/sertsc.org.br\/site\/wp-json\/wp\/v2\/types\/post"}],"author":[{"embeddable":true,"href":"https:\/\/sertsc.org.br\/site\/wp-json\/wp\/v2\/users\/1"}],"replies":[{"embeddable":true,"href":"https:\/\/sertsc.org.br\/site\/wp-json\/wp\/v2\/comments?post=7878"}],"version-history":[{"count":0,"href":"https:\/\/sertsc.org.br\/site\/wp-json\/wp\/v2\/posts\/7878\/revisions"}],"wp:featuredmedia":[{"embeddable":true,"href":"https:\/\/sertsc.org.br\/site\/wp-json\/"}],"wp:attachment":[{"href":"https:\/\/sertsc.org.br\/site\/wp-json\/wp\/v2\/media?parent=7878"}],"wp:term":[{"taxonomy":"category","embeddable":true,"href":"https:\/\/sertsc.org.br\/site\/wp-json\/wp\/v2\/categories?post=7878"},{"taxonomy":"post_tag","embeddable":true,"href":"https:\/\/sertsc.org.br\/site\/wp-json\/wp\/v2\/tags?post=7878"}],"curies":[{"name":"wp","href":"https:\/\/api.w.org\/{rel}","templated":true}]}}