{"id":7861,"date":"2018-06-18T09:40:10","date_gmt":"2018-06-18T12:40:10","guid":{"rendered":"http:\/\/www.sertsc.org.br\/site\/?p=7861"},"modified":"2018-06-18T09:40:10","modified_gmt":"2018-06-18T12:40:10","slug":"filiados-sertsc-diga-nao-votacao-de-consulta-publica-nas-alteracoes-dos-servicos-das-radios-comunitarias","status":"publish","type":"post","link":"https:\/\/sertsc.org.br\/site\/filiados-sertsc-diga-nao-votacao-de-consulta-publica-nas-alteracoes-dos-servicos-das-radios-comunitarias\/","title":{"rendered":"Filiados SERTSC: vote N\u00c3O nas vota\u00e7\u00f5es das consultas p\u00fablicas referente as altera\u00e7\u00f5es dos servi\u00e7os das R\u00e1dios Comunit\u00e1rias"},"content":{"rendered":"<p style=\"margin: 0cm; margin-bottom: .0001pt; text-align: justify;\"><span style=\"font-size: 14.0pt; font-family: 'Arial Narrow','sans-serif';\">O <b>SERT\/SC \u2013 Sindicato das Empresas de R\u00e1dio e Televis\u00e3o do Estado de Santa Catarina<\/b> solicita aos seus filiados que participem da<span style=\"color: black;\">s<\/span> vota\u00e7<span style=\"color: black;\">\u00f5es<\/span> referente ao<span style=\"color: black;\">s<\/span> Projeto<span style=\"color: black;\">s<\/span> de Lei<span style=\"color: black;\">s<\/span> que tramita<span style=\"color: black;\">m<\/span> no Senado Federal que prev<span style=\"color: black;\">eem<\/span> altera\u00e7<span style=\"color: black;\">\u00f5es<\/span> do servi\u00e7o de Radiodifus\u00e3o Comunit\u00e1ria.<\/span><\/p>\n<p style=\"margin: 0cm; margin-bottom: .0001pt; text-align: justify;\"><span style=\"font-size: 14.0pt; font-family: 'Arial Narrow','sans-serif';\">\u00a0<\/span><\/p>\n<p style=\"margin: 0cm; margin-bottom: .0001pt; text-align: justify;\"><span style=\"font-size: 14.0pt; font-family: 'Arial Narrow','sans-serif';\">O projeto <b>n\u00b0 513<\/b>, de autoria do senador H\u00e9lio Jos\u00e9 (PROS\/DF), <b>altera o limite de pot\u00eancia de transmiss\u00e3o e a quantidade de canais<\/b> designados para a execu\u00e7\u00e3o do servi\u00e7o, ampliando a atua\u00e7\u00e3o das r\u00e1dios comunit\u00e1rias, o que desfavorece o servi\u00e7o de radiodifus\u00e3o regular.<\/span><\/p>\n<p style=\"margin: 0cm; margin-bottom: .0001pt; text-align: justify;\"><span style=\"font-size: 14.0pt; font-family: 'Arial Narrow','sans-serif'; color: black;\">\u00a0<\/span><\/p>\n<p style=\"margin: 0cm; margin-bottom: .0001pt; text-align: justify;\"><span style=\"font-size: 14.0pt; font-family: 'Arial Narrow','sans-serif'; color: black;\">E o projeto <b>n\u00ba 55<\/b> o qual altera a <b>Lei 9.612\/98<\/b>, que Institui o Servi\u00e7o de Radiodifus\u00e3o Comunit\u00e1ria e d\u00e1 outras provid\u00eancias, para <b>dar \u00e0s r\u00e1dios comunit\u00e1rias a possibilidade de custear suas opera\u00e7\u00f5es atrav\u00e9s venda de publicidade comercial<\/b>.<\/span><\/p>\n<p style=\"margin: 0cm; margin-bottom: .0001pt; text-align: justify;\"><span style=\"font-size: 14.0pt; font-family: 'Arial Narrow','sans-serif';\">\u00a0<\/span><\/p>\n<p style=\"margin: 0cm; margin-bottom: .0001pt; text-align: justify;\"><span style=\"font-size: 14.0pt; font-family: 'Arial Narrow','sans-serif';\">Solicitamos que o voto <b>\u201cN\u00c3O\u201d<\/b> seja efetuado na consulta p\u00fablica que est\u00e1 dispon\u00edvel no site do Senado, atrav\u00e9s do link<span style=\"color: black;\">s:<\/span><\/span><\/p>\n<ul>\n<li><strong>Projeto n\u00ba 513 \u2013 <a href=\"https:\/\/goo.gl\/4MgaNh\">clique aqui para votar N\u00c3O<\/a><\/strong><\/li>\n<\/ul>\n<p><strong>\u00a0<\/strong><\/p>\n<ul>\n<li><strong>Projeto n\u00ba 55 \u2013 <a href=\"https:\/\/goo.gl\/5uNgZn\">clique aqui para votar N\u00c3O<\/a><\/strong><\/li>\n<\/ul>\n<p>&nbsp;<\/p>\n<p><a href=\"http:\/\/www.sertsc.org.br\/site\/filiados-sertsc-diga-nao-votacao-de-consulta-publica-nas-alteracoes-dos-servicos-das-radios-comunitarias\/diga-nao-consulta-2\/\" rel=\"attachment wp-att-7895\"><img fetchpriority=\"high\" decoding=\"async\" class=\"aligncenter size-large wp-image-7895\" src=\"http:\/\/www.sertsc.org.br\/site\/wp-content\/uploads\/2018\/06\/DIGA-N\u00c3O.-CONSULTA-1-1024x675.jpg\" alt=\"DIGA N\u00c3O. CONSULTA\" width=\"710\" height=\"468\" \/><\/a><\/p>\n<p style=\"text-align: center;\"><strong>(clique no banner para ouvir Spot)<\/strong><\/p>\n","protected":false},"excerpt":{"rendered":"<p>O SERT\/SC \u2013 Sindicato das Empresas de R\u00e1dio e Televis\u00e3o&hellip;<\/p>\n<p> <a class=\"more-link\" href=\"https:\/\/sertsc.org.br\/site\/filiados-sertsc-diga-nao-votacao-de-consulta-publica-nas-alteracoes-dos-servicos-das-radios-comunitarias\/\">Leia mais<\/a><\/p>\n","protected":false},"author":1,"featured_media":7895,"comment_status":"closed","ping_status":"open","sticky":false,"template":"","format":"standard","meta":{"footnotes":""},"categories":[33],"tags":[],"class_list":{"0":"post-7861","1":"post","2":"type-post","3":"status-publish","4":"format-standard","5":"has-post-thumbnail","7":"category-destaques"},"_links":{"self":[{"href":"https:\/\/sertsc.org.br\/site\/wp-json\/wp\/v2\/posts\/7861","targetHints":{"allow":["GET"]}}],"collection":[{"href":"https:\/\/sertsc.org.br\/site\/wp-json\/wp\/v2\/posts"}],"about":[{"href":"https:\/\/sertsc.org.br\/site\/wp-json\/wp\/v2\/types\/post"}],"author":[{"embeddable":true,"href":"https:\/\/sertsc.org.br\/site\/wp-json\/wp\/v2\/users\/1"}],"replies":[{"embeddable":true,"href":"https:\/\/sertsc.org.br\/site\/wp-json\/wp\/v2\/comments?post=7861"}],"version-history":[{"count":0,"href":"https:\/\/sertsc.org.br\/site\/wp-json\/wp\/v2\/posts\/7861\/revisions"}],"wp:featuredmedia":[{"embeddable":true,"href":"https:\/\/sertsc.org.br\/site\/wp-json\/"}],"wp:attachment":[{"href":"https:\/\/sertsc.org.br\/site\/wp-json\/wp\/v2\/media?parent=7861"}],"wp:term":[{"taxonomy":"category","embeddable":true,"href":"https:\/\/sertsc.org.br\/site\/wp-json\/wp\/v2\/categories?post=7861"},{"taxonomy":"post_tag","embeddable":true,"href":"https:\/\/sertsc.org.br\/site\/wp-json\/wp\/v2\/tags?post=7861"}],"curies":[{"name":"wp","href":"https:\/\/api.w.org\/{rel}","templated":true}]}}