{"id":7846,"date":"2018-06-15T10:32:14","date_gmt":"2018-06-15T13:32:14","guid":{"rendered":"http:\/\/www.sertsc.org.br\/site\/?p=7846"},"modified":"2018-06-15T10:32:14","modified_gmt":"2018-06-15T13:32:14","slug":"projeto-de-equiparacao-das-radios-comunitarias","status":"publish","type":"post","link":"https:\/\/sertsc.org.br\/site\/projeto-de-equiparacao-das-radios-comunitarias\/","title":{"rendered":"Projeto de equipara\u00e7\u00e3o das r\u00e1dios comunit\u00e1rias"},"content":{"rendered":"<p style=\"text-align: justify;\">Em conversa mantida hoje com o Diretor Geral da ABERT, Cristiano Flores, confirmamos a prorroga\u00e7\u00e3o da vota\u00e7\u00e3o no Senado da \u00a0<span style=\"color: #ff0000;\"><strong>PL 55\/2017<\/strong><\/span>, referente a publicidade em r\u00e1dios comunit\u00e1rias. A este respeito, o <strong>SERT\/SC<\/strong> solicita a seus filiados que mantenham no ar o <a href=\"http:\/\/www.abert.org.br\/web\/images\/Biblioteca\/Midias\/SPOT-ABERT.mp3\"><span style=\"text-decoration: underline;\"><strong>Spot<\/strong><\/span><\/a> de apoio a campanha promovida pela <strong>ABERT<\/strong>, podendo reduzir o n\u00famero de inser\u00e7\u00f5es di\u00e1rias. Note-se que j\u00e1 existe outro projeto no Senado, o qual visa aumentar a pot\u00eancia e a cria\u00e7\u00e3o de novos canais para as emissoras comunit\u00e1rias.<\/p>\n<p style=\"text-align: justify;\">A ABERT est\u00e1 confiante que ap\u00f3s esta movimenta\u00e7\u00e3o nacional o Senado rejeite tais iniciativas. A nosso ver, as entidades representativas da radiodifus\u00e3o nacional, mais do que nunca, devem permanecer unidas e em alerta.<\/p>\n<p>&nbsp;<\/p>\n<p><strong>Presidente do SERT\/SC e Grupo GSul<\/strong><\/p>\n<p><strong>Carlos Alberto Ross<\/strong><\/p>\n","protected":false},"excerpt":{"rendered":"<p>Em conversa mantida hoje com o Diretor Geral da ABERT,&hellip;<\/p>\n<p> <a class=\"more-link\" href=\"https:\/\/sertsc.org.br\/site\/projeto-de-equiparacao-das-radios-comunitarias\/\">Leia mais<\/a><\/p>\n","protected":false},"author":1,"featured_media":7703,"comment_status":"closed","ping_status":"open","sticky":false,"template":"","format":"standard","meta":{"footnotes":""},"categories":[33],"tags":[],"class_list":{"0":"post-7846","1":"post","2":"type-post","3":"status-publish","4":"format-standard","5":"has-post-thumbnail","7":"category-destaques"},"_links":{"self":[{"href":"https:\/\/sertsc.org.br\/site\/wp-json\/wp\/v2\/posts\/7846","targetHints":{"allow":["GET"]}}],"collection":[{"href":"https:\/\/sertsc.org.br\/site\/wp-json\/wp\/v2\/posts"}],"about":[{"href":"https:\/\/sertsc.org.br\/site\/wp-json\/wp\/v2\/types\/post"}],"author":[{"embeddable":true,"href":"https:\/\/sertsc.org.br\/site\/wp-json\/wp\/v2\/users\/1"}],"replies":[{"embeddable":true,"href":"https:\/\/sertsc.org.br\/site\/wp-json\/wp\/v2\/comments?post=7846"}],"version-history":[{"count":0,"href":"https:\/\/sertsc.org.br\/site\/wp-json\/wp\/v2\/posts\/7846\/revisions"}],"wp:featuredmedia":[{"embeddable":true,"href":"https:\/\/sertsc.org.br\/site\/wp-json\/"}],"wp:attachment":[{"href":"https:\/\/sertsc.org.br\/site\/wp-json\/wp\/v2\/media?parent=7846"}],"wp:term":[{"taxonomy":"category","embeddable":true,"href":"https:\/\/sertsc.org.br\/site\/wp-json\/wp\/v2\/categories?post=7846"},{"taxonomy":"post_tag","embeddable":true,"href":"https:\/\/sertsc.org.br\/site\/wp-json\/wp\/v2\/tags?post=7846"}],"curies":[{"name":"wp","href":"https:\/\/api.w.org\/{rel}","templated":true}]}}