{"id":7839,"date":"2018-06-14T17:08:52","date_gmt":"2018-06-14T20:08:52","guid":{"rendered":"http:\/\/www.sertsc.org.br\/site\/?p=7839"},"modified":"2018-06-14T17:08:52","modified_gmt":"2018-06-14T20:08:52","slug":"industria-da-regiao-sul-e-destaque-nacional","status":"publish","type":"post","link":"https:\/\/sertsc.org.br\/site\/industria-da-regiao-sul-e-destaque-nacional\/","title":{"rendered":"Grupo GSul e o destaque da ind\u00fastria da regi\u00e3o"},"content":{"rendered":"<p style=\"text-align: justify;\">Na reportagem <a href=\"http:\/\/goo.gl\/9SbVgD\">&#8220;Ind\u00fastria da regi\u00e3o Sul \u00e9 destaque nacional e contribui para o desenvolvimento da regi\u00e3o&#8221;<\/a>\u00a0\u00e9 destacado a grande desenvoltura em cen\u00e1rio nacional da regi\u00e3o Sul. A valoriza\u00e7\u00e3o e desenvolvimento econ\u00f4mico s\u00f3 crescem. Al\u00e9m disso, \u00e9 um polo tur\u00edstico, econ\u00f4mico e cultural apresenta \u00edndices sociais acima da m\u00e9dia brasileira em diversos aspectos.<\/p>\n<p style=\"text-align: justify;\">Em termos de economia o sul esta em n\u00edveis de pa\u00edses de primeiro mundo, como \u00c1ustria, Dinamarca e Singapura. A ind\u00fastria catarinense corresponde a 30,3% de toda a riqueza gerada, sendo o quarto maior polo no pa\u00eds.<\/p>\n<p style=\"text-align: justify;\">Em Abril deste ano, em Bras\u00edlia, foi lan\u00e7ado o &#8220;Movimento GSul&#8221; que \u00e9 composto pelos tr\u00eas sindicatos patronais (SERT\/SC, SINDIR\u00c1DIO e SERT\/PR) e pelas tr\u00eas associa\u00e7\u00f5es das empresas de r\u00e1dio e televis\u00e3o da regi\u00e3o Sul (SC, RS e PR), que visam destacar, atrav\u00e9s dos seus associados, as atividades das emissoras e todo o potencial econ\u00f4mico, social, pol\u00edtico e cultural da regi\u00e3o. O movimento tamb\u00e9m visa integrar a popula\u00e7\u00e3o da regi\u00e3o atrav\u00e9s do apoio a projetos que valorizem esses tr\u00eas estados.<\/p>\n<p style=\"text-align: justify;\">A regi\u00e3o sul em aspectos econ\u00f4micos, culturais, tur\u00edsticos e sociais est\u00e1 a frente e o Movimento GSul trabalha para contribuir com isso. Gerar alian\u00e7as e repercuss\u00e3o nacional das necessidades do sul \u00e9 de suma import\u00e2ncia para o aumento desse crescimento.<\/p>\n<p style=\"text-align: justify;\">FONTE: SERT\/SC.<\/p>\n","protected":false},"excerpt":{"rendered":"<p>Na reportagem &#8220;Ind\u00fastria da regi\u00e3o Sul \u00e9 destaque nacional e&hellip;<\/p>\n<p> <a class=\"more-link\" href=\"https:\/\/sertsc.org.br\/site\/industria-da-regiao-sul-e-destaque-nacional\/\">Leia mais<\/a><\/p>\n","protected":false},"author":1,"featured_media":7840,"comment_status":"closed","ping_status":"open","sticky":false,"template":"","format":"standard","meta":{"footnotes":""},"categories":[3],"tags":[],"class_list":{"0":"post-7839","1":"post","2":"type-post","3":"status-publish","4":"format-standard","5":"has-post-thumbnail","7":"category-noticias"},"_links":{"self":[{"href":"https:\/\/sertsc.org.br\/site\/wp-json\/wp\/v2\/posts\/7839","targetHints":{"allow":["GET"]}}],"collection":[{"href":"https:\/\/sertsc.org.br\/site\/wp-json\/wp\/v2\/posts"}],"about":[{"href":"https:\/\/sertsc.org.br\/site\/wp-json\/wp\/v2\/types\/post"}],"author":[{"embeddable":true,"href":"https:\/\/sertsc.org.br\/site\/wp-json\/wp\/v2\/users\/1"}],"replies":[{"embeddable":true,"href":"https:\/\/sertsc.org.br\/site\/wp-json\/wp\/v2\/comments?post=7839"}],"version-history":[{"count":0,"href":"https:\/\/sertsc.org.br\/site\/wp-json\/wp\/v2\/posts\/7839\/revisions"}],"wp:featuredmedia":[{"embeddable":true,"href":"https:\/\/sertsc.org.br\/site\/wp-json\/"}],"wp:attachment":[{"href":"https:\/\/sertsc.org.br\/site\/wp-json\/wp\/v2\/media?parent=7839"}],"wp:term":[{"taxonomy":"category","embeddable":true,"href":"https:\/\/sertsc.org.br\/site\/wp-json\/wp\/v2\/categories?post=7839"},{"taxonomy":"post_tag","embeddable":true,"href":"https:\/\/sertsc.org.br\/site\/wp-json\/wp\/v2\/tags?post=7839"}],"curies":[{"name":"wp","href":"https:\/\/api.w.org\/{rel}","templated":true}]}}