{"id":7804,"date":"2018-06-12T10:59:19","date_gmt":"2018-06-12T13:59:19","guid":{"rendered":"http:\/\/www.sertsc.org.br\/site\/?p=7804"},"modified":"2018-06-12T10:59:19","modified_gmt":"2018-06-12T13:59:19","slug":"reflexos-do-esocial-na-receita-federal-do-brasil","status":"publish","type":"post","link":"https:\/\/sertsc.org.br\/site\/reflexos-do-esocial-na-receita-federal-do-brasil\/","title":{"rendered":"Reflexos do eSocial na Receita Federal do Brasil"},"content":{"rendered":"<p style=\"text-align: justify;\">O Auditor-Fiscal da Receita Federal do Brasil, Cl\u00f3vis Belbute Peres, explica em dois v\u00eddeos de forma did\u00e1tica, o reflexo, as simplifica\u00e7\u00f5es e os impactos do eSocial na\u00a0Receita Federal do Brasil.<\/p>\n<p>&nbsp;<\/p>\n<p><a href=\"https:\/\/vimeo.com\/165070002\">https:\/\/vimeo.com\/165070002<\/a><\/p>\n<p>&nbsp;<\/p>\n<p><a href=\"https:\/\/vimeo.com\/165070016\">https:\/\/vimeo.com\/165070016<\/a><\/p>\n<p>&nbsp;<\/p>\n<p>O Portal \u00c1rvore do Conhecimento \u00e9 uma iniciativa da Federa\u00e7\u00e3o Nacional das Empresas de Servi\u00e7os Cont\u00e1beis e das Empresas de Assessoramento, Per\u00edcias, Informa\u00e7\u00f5es e Pesquisas (Fenacon), Receita Federal, Minist\u00e9rio do Trabalho e Previd\u00eancia Social. Trata-se de um portal educativo onde s\u00e3o disponibilizados v\u00eddeos que orientam empresas e o setor cont\u00e1bil em geral sobre o uso do e-Social.<\/p>\n","protected":false},"excerpt":{"rendered":"<p>O Auditor-Fiscal da Receita Federal do Brasil, Cl\u00f3vis Belbute Peres,&hellip;<\/p>\n<p> <a class=\"more-link\" href=\"https:\/\/sertsc.org.br\/site\/reflexos-do-esocial-na-receita-federal-do-brasil\/\">Leia mais<\/a><\/p>\n","protected":false},"author":1,"featured_media":7805,"comment_status":"closed","ping_status":"open","sticky":false,"template":"","format":"standard","meta":{"footnotes":""},"categories":[3],"tags":[],"class_list":{"0":"post-7804","1":"post","2":"type-post","3":"status-publish","4":"format-standard","5":"has-post-thumbnail","7":"category-noticias"},"_links":{"self":[{"href":"https:\/\/sertsc.org.br\/site\/wp-json\/wp\/v2\/posts\/7804","targetHints":{"allow":["GET"]}}],"collection":[{"href":"https:\/\/sertsc.org.br\/site\/wp-json\/wp\/v2\/posts"}],"about":[{"href":"https:\/\/sertsc.org.br\/site\/wp-json\/wp\/v2\/types\/post"}],"author":[{"embeddable":true,"href":"https:\/\/sertsc.org.br\/site\/wp-json\/wp\/v2\/users\/1"}],"replies":[{"embeddable":true,"href":"https:\/\/sertsc.org.br\/site\/wp-json\/wp\/v2\/comments?post=7804"}],"version-history":[{"count":0,"href":"https:\/\/sertsc.org.br\/site\/wp-json\/wp\/v2\/posts\/7804\/revisions"}],"wp:featuredmedia":[{"embeddable":true,"href":"https:\/\/sertsc.org.br\/site\/wp-json\/"}],"wp:attachment":[{"href":"https:\/\/sertsc.org.br\/site\/wp-json\/wp\/v2\/media?parent=7804"}],"wp:term":[{"taxonomy":"category","embeddable":true,"href":"https:\/\/sertsc.org.br\/site\/wp-json\/wp\/v2\/categories?post=7804"},{"taxonomy":"post_tag","embeddable":true,"href":"https:\/\/sertsc.org.br\/site\/wp-json\/wp\/v2\/tags?post=7804"}],"curies":[{"name":"wp","href":"https:\/\/api.w.org\/{rel}","templated":true}]}}