{"id":7801,"date":"2018-06-12T09:54:18","date_gmt":"2018-06-12T12:54:18","guid":{"rendered":"http:\/\/www.sertsc.org.br\/site\/?p=7801"},"modified":"2018-06-12T09:54:18","modified_gmt":"2018-06-12T12:54:18","slug":"seminario-de-tecnologia-audiovisual-set-sul-2018-comeca-nesta-terca-em-porto-alegre","status":"publish","type":"post","link":"https:\/\/sertsc.org.br\/site\/seminario-de-tecnologia-audiovisual-set-sul-2018-comeca-nesta-terca-em-porto-alegre\/","title":{"rendered":"Semin\u00e1rio de tecnologia audiovisual, SET Sul 2018, come\u00e7a nesta ter\u00e7a em Porto Alegre"},"content":{"rendered":"<p style=\"text-align: center;\"><em><strong>Entre os assuntos est\u00e3o as tecnologias disruptivas como a intelig\u00eancia artificial, os desafios tecnol\u00f3gicos da TV e o futuro do r\u00e1dio num ambiente de novos h\u00e1bitos, bem como os aspectos regulat\u00f3rios da ind\u00fastria de broadcast<\/strong><\/em><\/p>\n<p style=\"text-align: justify;\">\n<p style=\"text-align: justify;\">Porto Alegre recebe, nos dias 12 e 13 de junho, o semin\u00e1rio de tecnologia audiovisual SET Sul 2018, uma realiza\u00e7\u00e3o da SET, associa\u00e7\u00e3o de abrang\u00eancia nacional que re\u00fane os profissionais de tecnologia da cadeia produtiva do setor. O evento acontecer\u00e1 no Audit\u00f3rio da UniRitter, das 9h \u00e0s 18h. Para se inscrever, basta acessar o site da SET <a href=\"http:\/\/www.set.org.br\">www.set.org.br<\/a>.<\/p>\n<p style=\"text-align: justify;\">Os temas para a edi\u00e7\u00e3o 2018 foram atualizados com base nos acontecimentos tecnol\u00f3gicos em discuss\u00e3o na \u00faltima edi\u00e7\u00e3o do NAB Show e nos destaques do Brasil e da Regi\u00e3o Sul.<\/p>\n<p style=\"text-align: justify;\">\u201cToda a cadeia de produ\u00e7\u00e3o e os aspectos regulat\u00f3rios ser\u00e3o contemplados durante o encontro. \u00c9 um momento singular para todos os que est\u00e3o envolvidos na produ\u00e7\u00e3o e distribui\u00e7\u00e3o de conte\u00fado audiovisual\u201d, pontua o vice-presidente da regional Sul da SET e coordenador do evento, Caio Klein.<\/p>\n<p style=\"text-align: justify;\">O formato \u00e9 de pain\u00e9is, nos quais tr\u00eas ou quatro palestrantes, todos lideran\u00e7as em seus segmentos de atua\u00e7\u00e3o, apresentam rapidamente cases, produtos e servi\u00e7os. A seguir, o moderador abre a discuss\u00e3o com a audi\u00eancia, promovendo a interatividade, o networking e a troca de conhecimentos.<\/p>\n<p style=\"text-align: justify;\">\u201cO momento agora demanda empresas, profissionais e escolas cada vez mais atentos \u00e0s transforma\u00e7\u00f5es digitais e \u00e0s novas exig\u00eancias do mercado e do p\u00fablico em ambientes multiplataforma, multitelas e em m\u00faltiplos dispositivos. Os semin\u00e1rios regionais da SET buscam promover a troca de conhecimentos, o aperfei\u00e7oamento e o debate sobre o futuro da cadeia produtiva do setor audiovisual no Brasil\u201d, explica a presidente da SET, Liliana Nakonechnyj.<\/p>\n<p style=\"text-align: justify;\">Podem participar profissionais, executivos, estudantes e pesquisadores dos setores de TV, cinema, r\u00e1dio, v\u00eddeo streaming, novas plataformas, produ\u00e7\u00e3o, distribui\u00e7\u00e3o, transmiss\u00e3o, \u00e1udio, imagem e comunica\u00e7\u00e3o em geral.<\/p>\n<p style=\"text-align: justify;\">\n<p style=\"text-align: justify;\">Confira a seguir a grade de programa\u00e7\u00e3o com temas e moderadores:<\/p>\n<p style=\"text-align: justify;\">\n<p style=\"text-align: justify;\"><strong>12 de junho, ter\u00e7a-feira<\/strong><\/p>\n<ul>\n<li style=\"text-align: justify;\">Abertura. Liliana Nakonechnyj, presidente da SET<\/li>\n<li style=\"text-align: justify;\">Switch-off do sinal anal\u00f3gico de TV e agenda regulat\u00f3ria. Moderador: Carlos Fini, RBSTV<\/li>\n<li style=\"text-align: justify;\">O momento do R\u00e1dio e seu futuro. Moderador: Carlos Fini, RBSTV<\/li>\n<li style=\"text-align: justify;\">Infraestrutura e sistemas irradiantes. Moderador: Jos\u00e9 Frederico Rehme, SET<\/li>\n<li style=\"text-align: justify;\">Transmiss\u00e3o e sat\u00e9lites. Moderador: Washington Gasparotto, NSC<\/li>\n<li style=\"text-align: justify;\">Desafios na gest\u00e3o, manuten\u00e7\u00e3o, opera\u00e7\u00e3o e moderniza\u00e7\u00e3o de uma emissora de TV. Moderador: Ol\u00edmpio Jos\u00e9 Franco, SET<\/li>\n<\/ul>\n<p style=\"text-align: justify;\">\n<p style=\"text-align: justify;\"><strong>13 de junho, quarta-feira<\/strong><\/p>\n<ul>\n<li>Infraestrutura IP. Moderador: Norton Marcon, BANDRS<\/li>\n<li>Produ\u00e7\u00e3o para TV: news e eventos. Moderador: Caio Klein, RBSTV<\/li>\n<li>Intelig\u00eancia Artificial: plataformas cognitivas e data analytics. Moderador: Hugo Nascimento, SET<\/li>\n<li>Evolu\u00e7\u00e3o do padr\u00e3o de TV digital. Moderador: Marco Martins, RPC<\/li>\n<li>Media Asset Management. Moderador: Roberto Hoffmann, RBSTV<\/li>\n<li>H\u00e1bitos de consumo de m\u00eddia no Brasil e no mundo. Moderadora: Luana Bravo, SET<\/li>\n<li>O evento conta com o patroc\u00ednio das seguintes empresas: Ideal Antenas, IF Telecom, JVC, Media Portal, Newtek, NovelSAT, Seal Broadcast, SES, Shure, SM Facilities, Sony, TVU e Yamaha.<\/li>\n<\/ul>\n<p style=\"text-align: justify;\">\n<p style=\"text-align: justify;\">Evento: SET Sul 2018<br \/>\nDatas e hor\u00e1rios: 12 e 13 de junho, das 9h \u00e0s 19h<\/p>\n<p style=\"text-align: justify;\">Local: Audit\u00f3rio da Universidade UniRitter \/ Porto Alegre\/RS<\/p>\n<p style=\"text-align: justify;\">Programa\u00e7\u00e3o completa e inscri\u00e7\u00f5es: <a href=\"http:\/\/www.set.org.br\">www.set.org.br<\/a><\/p>\n<p style=\"text-align: justify;\">\n<p style=\"text-align: justify;\">(Inscri\u00e7\u00e3o gratuita mediante utiliza\u00e7\u00e3o de voucher divulgado na p\u00e1gina do evento no site da SET)<\/p>\n<p style=\"text-align: justify;\">\n<p style=\"text-align: justify;\">Vale certificado de participa\u00e7\u00e3o<\/p>\n<p style=\"text-align: justify;\">Realiza\u00e7\u00e3o: SET<\/p>\n<p style=\"text-align: justify;\"><strong>Apoio: ABERT, AGERT, AERP, ACAERT, UniRitter<\/strong><\/p>\n<p style=\"text-align: justify;\">\n<p style=\"text-align: justify;\">Informa\u00e7\u00f5es:<\/p>\n<p style=\"text-align: justify;\">Ger\u00eancia de Comunica\u00e7\u00e3o da SET &#8211;\u00a0comunicacao@set.org.br<\/p>\n<p style=\"text-align: justify;\">FONTE: Set.<\/p>\n<p style=\"text-align: justify;\">\n","protected":false},"excerpt":{"rendered":"<p>Entre os assuntos est\u00e3o as tecnologias disruptivas como a intelig\u00eancia&hellip;<\/p>\n<p> <a class=\"more-link\" href=\"https:\/\/sertsc.org.br\/site\/seminario-de-tecnologia-audiovisual-set-sul-2018-comeca-nesta-terca-em-porto-alegre\/\">Leia mais<\/a><\/p>\n","protected":false},"author":1,"featured_media":7802,"comment_status":"closed","ping_status":"open","sticky":false,"template":"","format":"standard","meta":{"footnotes":""},"categories":[3],"tags":[],"class_list":{"0":"post-7801","1":"post","2":"type-post","3":"status-publish","4":"format-standard","5":"has-post-thumbnail","7":"category-noticias"},"_links":{"self":[{"href":"https:\/\/sertsc.org.br\/site\/wp-json\/wp\/v2\/posts\/7801","targetHints":{"allow":["GET"]}}],"collection":[{"href":"https:\/\/sertsc.org.br\/site\/wp-json\/wp\/v2\/posts"}],"about":[{"href":"https:\/\/sertsc.org.br\/site\/wp-json\/wp\/v2\/types\/post"}],"author":[{"embeddable":true,"href":"https:\/\/sertsc.org.br\/site\/wp-json\/wp\/v2\/users\/1"}],"replies":[{"embeddable":true,"href":"https:\/\/sertsc.org.br\/site\/wp-json\/wp\/v2\/comments?post=7801"}],"version-history":[{"count":0,"href":"https:\/\/sertsc.org.br\/site\/wp-json\/wp\/v2\/posts\/7801\/revisions"}],"wp:featuredmedia":[{"embeddable":true,"href":"https:\/\/sertsc.org.br\/site\/wp-json\/"}],"wp:attachment":[{"href":"https:\/\/sertsc.org.br\/site\/wp-json\/wp\/v2\/media?parent=7801"}],"wp:term":[{"taxonomy":"category","embeddable":true,"href":"https:\/\/sertsc.org.br\/site\/wp-json\/wp\/v2\/categories?post=7801"},{"taxonomy":"post_tag","embeddable":true,"href":"https:\/\/sertsc.org.br\/site\/wp-json\/wp\/v2\/tags?post=7801"}],"curies":[{"name":"wp","href":"https:\/\/api.w.org\/{rel}","templated":true}]}}