{"id":7796,"date":"2018-06-11T14:47:44","date_gmt":"2018-06-11T17:47:44","guid":{"rendered":"http:\/\/www.sertsc.org.br\/site\/?p=7796"},"modified":"2018-06-11T14:47:44","modified_gmt":"2018-06-11T17:47:44","slug":"mctic-decide-que-sobras-de-recursos-da-tv-digital-vao-para-os-conversores","status":"publish","type":"post","link":"https:\/\/sertsc.org.br\/site\/mctic-decide-que-sobras-de-recursos-da-tv-digital-vao-para-os-conversores\/","title":{"rendered":"MCTIC decide que sobras de recursos da TV digital v\u00e3o para os conversores"},"content":{"rendered":"<p style=\"text-align: justify;\">O Minist\u00e9rio da Ci\u00eancia, Tecnologia, Inova\u00e7\u00f5es e Comunica\u00e7\u00f5es (MCTIC) publicou portaria nesta sexta, 8, em que determina ao Grupo de Implanta\u00e7\u00e3o do Processo de Redistribui\u00e7\u00e3o e Digitaliza\u00e7\u00e3o de Canais de TV e RTV (Gired) a destina\u00e7\u00e3o do saldo remanescente dos recursos relativo &#8220;ao ressarcimento dos custos decorrentes da redistribui\u00e7\u00e3o de canais de TV e RTV e das solu\u00e7\u00f5es para os problemas de interfer\u00eancia prejudicial nos sistemas de radiocomunica\u00e7\u00e3o, para a distribui\u00e7\u00e3o de conversores de TV Digital Terrestre com interatividade e com desempenho otimizado, ou com filtro 700 MHz, \u00e0s fam\u00edlias que j\u00e1 n\u00e3o os tenham recebido, para assegurar que toda a popula\u00e7\u00e3o tenha acesso livre, gratuito e de alta qualidade ao sinal digital, nas cidades onde o desligamento ocorrer\u00e1 at\u00e9 31 de dezembro de 2023&#8221;. Ou seja, o que sobrar dos recursos que hoje financiam o trabalho da Empresa Administradora da Digitaliza\u00e7\u00e3o (EAD) ficam para aplica\u00e7\u00e3o exclusivamente na distribui\u00e7\u00e3o de kits de digitaliza\u00e7\u00e3o. O edital de licita\u00e7\u00e3o da faixa de 700 MHz determinava que a aplica\u00e7\u00e3o destes recursos deveria ter sido definida pelo Gired. Na semana passada, o Gired havia encaminhado a cria\u00e7\u00e3o de um comit\u00ea dedicado justamente a analisar as poss\u00edveis aplica\u00e7\u00f5es destes recursos. Um dos aspectos em an\u00e1lise \u00e9 se o dinheiro, estimado em R$ 600 milh\u00f5es, poderia ser utilizado na mitiga\u00e7\u00e3o de interfer\u00eancias na faixa de 3,5 GHz.<\/p>\n<p style=\"text-align: justify;\">\n<p style=\"text-align: justify;\">A <a href=\"http:\/\/www.imprensanacional.gov.br\/materia\/-\/asset_publisher\/Kujrw0TZC2Mb\/content\/id\/21053968\/do1-2018-06-08-portaria-n-3-045-de-7-de-junho-de-2018-21053902\">portaria<\/a> considerou recomenda\u00e7\u00f5es do Tribunal de Contas da Uni\u00e3o, Consultoria Jur\u00eddica do pr\u00f3prio minist\u00e9rio, que sugerem a destina\u00e7\u00e3o dos recursos para a distribui\u00e7\u00e3o dos conversores. Segundo estimativas, as sobras dos recursos do or\u00e7amento de R$ 3,6 bilh\u00f5es da EAD (Seja Digital) para a implanta\u00e7\u00e3o da TV Digital no pa\u00eds chega a R$ 600 milh\u00f5es. No entanto, o processo ainda n\u00e3o foi conclu\u00eddo. Apenas ap\u00f3s todas as etapas do processo de libera\u00e7\u00e3o da faixa de 700 MHz \u00e9 que ser\u00e1 poss\u00edvel apontar o valor real. O minist\u00e9rio foi procurado para esclarecer a decis\u00e3o de publicar a portaria mas n\u00e3o conseguiu viabilizar um porta-voz.<\/p>\n<p style=\"text-align: justify;\">\n<p style=\"text-align: justify;\">A medida atende a um <a href=\"http:\/\/teletime.com.br\/16\/03\/2018\/emissoras-querem-usar-eventual-saldo-da-seja-digital-em-mais-kits-de-digitalizacao\/\">oficio das emissoras de radiodifus\u00e3o<\/a>, conforme adiantou este notici\u00e1rio, enviado no in\u00edcio do ano ao MCTIC, no qual solicitam que os recursos remanescentes do or\u00e7amento da EAD que n\u00e3o tenham sido utilizados no processo de limpeza da faixa de 700 MHz sejam aplicados na continuidade do processo de distribui\u00e7\u00e3o dos kits de digitaliza\u00e7\u00e3o, mesmo em cidades em que a libera\u00e7\u00e3o da frequ\u00eancia n\u00e3o \u00e9 necess\u00e1ria.<\/p>\n<p style=\"text-align: justify;\">\n<p style=\"text-align: justify;\">O edital de venda da faixa de 700 MHz d\u00e1 margem \u00e0 aplica\u00e7\u00e3o dos recursos como sugerido pela Abert e agora determinado peloMCTIC, mas haveria flexibilidade. Diz o edital, no seu item 7: &#8220;(\u2026) o saldo de recursos remanescente, se houver, dever\u00e1 ser destinado \u00e0 distribui\u00e7\u00e3o de Conversores de TV Digital Terrestre com interatividade e com desempenho otimizado, ou com filtro 700 MHz, \u00e0s fam\u00edlias que j\u00e1 n\u00e3o os tenham recebido, <strong>dentre outros projetos, sob crit\u00e9rios a serem propostos pelo Grupo de que trata o item 14 e decididos pelo Conselho Diretor da Anatel&#8221;<\/strong>. A express\u00e3o &#8220;dentre outros projetos&#8221; pode ser qualquer coisa. H\u00e1 quem acredite que o melhor seria, por exemplo, usar estes recursos para pol\u00edticas de massifica\u00e7\u00e3o de 4G na faixa de 700 MHz (por exemplo, levando a rede a \u00e1reas sem atratividade econ\u00f4mica) ou at\u00e9 mesmo utilizar o saldo para uma eventual limpeza da faixa de 3,5 GHz. O of\u00edcio da Abert ao ministro Kassab precipitou este debate. Mas havia argumentos contr\u00e1rios \u00e0 tese das emissoras. At\u00e9 2023, por exemplo, o pr\u00f3prio processo natural de reciclagem da base de televisores levar\u00e1 \u00e0 substitui\u00e7\u00e3o completa das TVs de tubo, o que tornaria o gasto com kits um benef\u00edcio de muito curto prazo. Al\u00e9m disso, em muitas localidades a distribui\u00e7\u00e3o de kits seria in\u00fatil dada a falta de op\u00e7\u00f5es de canais digitais.<\/p>\n<p style=\"text-align: justify;\">\n<p style=\"text-align: justify;\">FONTE: Tela Viva.<\/p>\n","protected":false},"excerpt":{"rendered":"<p>O Minist\u00e9rio da Ci\u00eancia, Tecnologia, Inova\u00e7\u00f5es e Comunica\u00e7\u00f5es (MCTIC) publicou&hellip;<\/p>\n<p> <a class=\"more-link\" href=\"https:\/\/sertsc.org.br\/site\/mctic-decide-que-sobras-de-recursos-da-tv-digital-vao-para-os-conversores\/\">Leia mais<\/a><\/p>\n","protected":false},"author":1,"featured_media":7797,"comment_status":"closed","ping_status":"open","sticky":false,"template":"","format":"standard","meta":{"footnotes":""},"categories":[3],"tags":[],"class_list":{"0":"post-7796","1":"post","2":"type-post","3":"status-publish","4":"format-standard","5":"has-post-thumbnail","7":"category-noticias"},"_links":{"self":[{"href":"https:\/\/sertsc.org.br\/site\/wp-json\/wp\/v2\/posts\/7796","targetHints":{"allow":["GET"]}}],"collection":[{"href":"https:\/\/sertsc.org.br\/site\/wp-json\/wp\/v2\/posts"}],"about":[{"href":"https:\/\/sertsc.org.br\/site\/wp-json\/wp\/v2\/types\/post"}],"author":[{"embeddable":true,"href":"https:\/\/sertsc.org.br\/site\/wp-json\/wp\/v2\/users\/1"}],"replies":[{"embeddable":true,"href":"https:\/\/sertsc.org.br\/site\/wp-json\/wp\/v2\/comments?post=7796"}],"version-history":[{"count":0,"href":"https:\/\/sertsc.org.br\/site\/wp-json\/wp\/v2\/posts\/7796\/revisions"}],"wp:featuredmedia":[{"embeddable":true,"href":"https:\/\/sertsc.org.br\/site\/wp-json\/"}],"wp:attachment":[{"href":"https:\/\/sertsc.org.br\/site\/wp-json\/wp\/v2\/media?parent=7796"}],"wp:term":[{"taxonomy":"category","embeddable":true,"href":"https:\/\/sertsc.org.br\/site\/wp-json\/wp\/v2\/categories?post=7796"},{"taxonomy":"post_tag","embeddable":true,"href":"https:\/\/sertsc.org.br\/site\/wp-json\/wp\/v2\/tags?post=7796"}],"curies":[{"name":"wp","href":"https:\/\/api.w.org\/{rel}","templated":true}]}}