{"id":7793,"date":"2018-06-11T11:30:45","date_gmt":"2018-06-11T14:30:45","guid":{"rendered":"http:\/\/www.sertsc.org.br\/site\/?p=7793"},"modified":"2018-06-11T11:30:45","modified_gmt":"2018-06-11T14:30:45","slug":"tirando-duvidas-sobre-o-esocial-em-7-minutos","status":"publish","type":"post","link":"https:\/\/sertsc.org.br\/site\/tirando-duvidas-sobre-o-esocial-em-7-minutos\/","title":{"rendered":"Tirando d\u00favidas sobre o eSocial em 7 minutos"},"content":{"rendered":"<p style=\"text-align: justify;\">Para falar do eSocial de forma mais did\u00e1tica, seguem 3 v\u00eddeos do Portal \u00c1rvore do Conhecimento: Entendendo o eSocial, Os Impactos do eSocial no Minist\u00e9rio do Trabalho e Previd\u00eancia Social e S-2100 Cadastramento Inicial do V\u00ednculo.<\/p>\n<p style=\"text-align: justify;\">O conte\u00fado abaixo \u00e9 apresentado por especialistas e explica de forma sucinta e did\u00e1tica as fun\u00e7\u00f5es, os benef\u00edcios e as mudan\u00e7as que ser\u00e3o trazidas pelo eSocial na obten\u00e7\u00e3o de informa\u00e7\u00f5es fiscais.<\/p>\n<p>&nbsp;<\/p>\n<p><a href=\"https:\/\/vimeo.com\/165069840\">https:\/\/vimeo.com\/165069840<\/a><\/p>\n<p><a href=\"https:\/\/vimeo.com\/165220999\">https:\/\/vimeo.com\/165220999<\/a><\/p>\n<p><a href=\"https:\/\/vimeo.com\/165148254\">https:\/\/vimeo.com\/165148254<\/a><\/p>\n<p>&nbsp;<\/p>\n<p style=\"text-align: justify;\">O Portal \u00c1rvore do Conhecimento \u00e9 uma iniciativa da Federa\u00e7\u00e3o Nacional das Empresas de Servi\u00e7os Cont\u00e1beis e das Empresas de Assessoramento, Per\u00edcias, Informa\u00e7\u00f5es e Pesquisas (Fenacon), Receita Federal, Minist\u00e9rio do Trabalho e Previd\u00eancia Social. Trata-se de um portal educativo onde s\u00e3o disponibilizados v\u00eddeos que orientam empresas e o setor cont\u00e1bil em geral sobre o uso do e-Social.<\/p>\n<p style=\"text-align: justify;\">\n<p style=\"text-align: justify;\">Se interessou?\u00a0<a href=\"http:\/\/www.sertsc.org.br\/site\/reflexos-do-esocial-na-receita-federal-do-brasil\/\">Assista tamb\u00e9m:\u00a0 &#8220;Reflexos do eSocial na Receita Federal do Brasil&#8221;<\/a><\/p>\n","protected":false},"excerpt":{"rendered":"<p>Para falar do eSocial de forma mais did\u00e1tica, seguem 3&hellip;<\/p>\n<p> <a class=\"more-link\" href=\"https:\/\/sertsc.org.br\/site\/tirando-duvidas-sobre-o-esocial-em-7-minutos\/\">Leia mais<\/a><\/p>\n","protected":false},"author":1,"featured_media":7794,"comment_status":"closed","ping_status":"open","sticky":false,"template":"","format":"standard","meta":{"footnotes":""},"categories":[3],"tags":[],"class_list":{"0":"post-7793","1":"post","2":"type-post","3":"status-publish","4":"format-standard","5":"has-post-thumbnail","7":"category-noticias"},"_links":{"self":[{"href":"https:\/\/sertsc.org.br\/site\/wp-json\/wp\/v2\/posts\/7793","targetHints":{"allow":["GET"]}}],"collection":[{"href":"https:\/\/sertsc.org.br\/site\/wp-json\/wp\/v2\/posts"}],"about":[{"href":"https:\/\/sertsc.org.br\/site\/wp-json\/wp\/v2\/types\/post"}],"author":[{"embeddable":true,"href":"https:\/\/sertsc.org.br\/site\/wp-json\/wp\/v2\/users\/1"}],"replies":[{"embeddable":true,"href":"https:\/\/sertsc.org.br\/site\/wp-json\/wp\/v2\/comments?post=7793"}],"version-history":[{"count":0,"href":"https:\/\/sertsc.org.br\/site\/wp-json\/wp\/v2\/posts\/7793\/revisions"}],"wp:featuredmedia":[{"embeddable":true,"href":"https:\/\/sertsc.org.br\/site\/wp-json\/"}],"wp:attachment":[{"href":"https:\/\/sertsc.org.br\/site\/wp-json\/wp\/v2\/media?parent=7793"}],"wp:term":[{"taxonomy":"category","embeddable":true,"href":"https:\/\/sertsc.org.br\/site\/wp-json\/wp\/v2\/categories?post=7793"},{"taxonomy":"post_tag","embeddable":true,"href":"https:\/\/sertsc.org.br\/site\/wp-json\/wp\/v2\/tags?post=7793"}],"curies":[{"name":"wp","href":"https:\/\/api.w.org\/{rel}","templated":true}]}}