{"id":7772,"date":"2018-06-08T15:05:29","date_gmt":"2018-06-08T18:05:29","guid":{"rendered":"http:\/\/www.sertsc.org.br\/site\/?p=7772"},"modified":"2018-06-08T15:05:29","modified_gmt":"2018-06-08T18:05:29","slug":"segundo-estudo-dimension-do-kantar-ibope-media-consumidores-usam-ate-tres-fontes-de-informacao","status":"publish","type":"post","link":"https:\/\/sertsc.org.br\/site\/segundo-estudo-dimension-do-kantar-ibope-media-consumidores-usam-ate-tres-fontes-de-informacao\/","title":{"rendered":"Segundo estudo Dimension do Kantar Ibope Media, consumidores usam at\u00e9 tr\u00eas fontes de informa\u00e7\u00e3o"},"content":{"rendered":"<p style=\"text-align: center;\"><strong>S\u00e3o Paulo \u2013 M\u00e9dia brasileira equivale \u00e0 m\u00e9dia mundial quando o assunto \u00e9 a influ\u00eancia multicanal<\/strong><\/p>\n<p style=\"text-align: justify;\">O Kantar Ibope Media divulgou mais um recorte da segunda edi\u00e7\u00e3o do estudo Dimension. O projeto levanta a rela\u00e7\u00e3o do consumidor conectado com a publicidade, aponta tempos de uma economia mista dos meios de comunica\u00e7\u00e3o, na qual os formatos consolidados, como o R\u00e1dio, seguem resilientes, sendo consumidos por quase todas as pessoas dos mercados pesquisados.<\/p>\n<p style=\"text-align: justify;\">O novo recorte mostra que o consumidor chega a utilizar praticamente tr\u00eas meios de comunica\u00e7\u00e3o em busca de informa\u00e7\u00f5es sobre marcas e produtos. A m\u00e9dia brasileira \u00e9 63% enquanto a mundial chega a 64% dos consumidores que buscam informa\u00e7\u00f5es sobre consumo.<\/p>\n<p style=\"text-align: justify;\">Al\u00e9m disso, o estudo tamb\u00e9m mostra que houve uma queda na porcentagem dos consumidores que acham que os anunciantes melhoraram a divulga\u00e7\u00e3o dos produtos. No Brasil, a m\u00e9dia caiu de 86% para 80% enquanto no mundo foi de 73% para 71% entre o ano passado e 2018.<\/p>\n<p style=\"text-align: justify;\"><a href=\"http:\/\/www.sertsc.org.br\/site\/segundo-estudo-dimension-do-kantar-ibope-media-consumidores-usam-ate-tres-fontes-de-informacao\/kkkkk-2\/\" rel=\"attachment wp-att-7774\"><img fetchpriority=\"high\" decoding=\"async\" class=\"aligncenter size-full wp-image-7774\" src=\"http:\/\/www.sertsc.org.br\/site\/wp-content\/uploads\/2018\/06\/kkkkk.jpg\" alt=\"kkkkk\" width=\"500\" height=\"549\" \/><\/a><\/p>\n<p style=\"text-align: justify;\">Segundo a primeira fase do estudo, as formas de m\u00eddia consolidadas continuam resilientes. Quase todas as pessoas nas amostragens dos cinco mercados continuam acessando a televis\u00e3o atrav\u00e9s de um aparelho de TV, 88% ouvem r\u00e1dio off-line e cerca de 80% continuam lendo vers\u00f5es impressas de jornais e revistas, o que d\u00e1 uma ideia do poder dessas plataformas consolidadas.<\/p>\n<p style=\"text-align: justify;\">Isso n\u00e3o quer dizer que a tend\u00eancia geral em rela\u00e7\u00e3o aos servi\u00e7os on-line tenha sido massivamente exagerada ou que est\u00e1 desacelerando, mas vale lembrar que estamos vivendo atualmente em uma economia de m\u00eddia mista, segundo o estudo.<\/p>\n<p style=\"text-align: justify;\">O Kantar Ibope Media realizou o estudo entre os meses de novembro e dezembro do ano passado. Foram ouvidos 5 mil pessoas no Brasil, China, Estados Unidos, Fran\u00e7a e Reino Unido.<\/p>\n<p style=\"text-align: justify;\">\n<p style=\"text-align: justify;\">FONTE: Tudo R\u00e1dio.<\/p>\n","protected":false},"excerpt":{"rendered":"<p>S\u00e3o Paulo \u2013 M\u00e9dia brasileira equivale \u00e0 m\u00e9dia mundial quando&hellip;<\/p>\n<p> <a class=\"more-link\" href=\"https:\/\/sertsc.org.br\/site\/segundo-estudo-dimension-do-kantar-ibope-media-consumidores-usam-ate-tres-fontes-de-informacao\/\">Leia mais<\/a><\/p>\n","protected":false},"author":1,"featured_media":7775,"comment_status":"closed","ping_status":"open","sticky":false,"template":"","format":"standard","meta":{"footnotes":""},"categories":[3],"tags":[],"class_list":{"0":"post-7772","1":"post","2":"type-post","3":"status-publish","4":"format-standard","5":"has-post-thumbnail","7":"category-noticias"},"_links":{"self":[{"href":"https:\/\/sertsc.org.br\/site\/wp-json\/wp\/v2\/posts\/7772","targetHints":{"allow":["GET"]}}],"collection":[{"href":"https:\/\/sertsc.org.br\/site\/wp-json\/wp\/v2\/posts"}],"about":[{"href":"https:\/\/sertsc.org.br\/site\/wp-json\/wp\/v2\/types\/post"}],"author":[{"embeddable":true,"href":"https:\/\/sertsc.org.br\/site\/wp-json\/wp\/v2\/users\/1"}],"replies":[{"embeddable":true,"href":"https:\/\/sertsc.org.br\/site\/wp-json\/wp\/v2\/comments?post=7772"}],"version-history":[{"count":0,"href":"https:\/\/sertsc.org.br\/site\/wp-json\/wp\/v2\/posts\/7772\/revisions"}],"wp:featuredmedia":[{"embeddable":true,"href":"https:\/\/sertsc.org.br\/site\/wp-json\/"}],"wp:attachment":[{"href":"https:\/\/sertsc.org.br\/site\/wp-json\/wp\/v2\/media?parent=7772"}],"wp:term":[{"taxonomy":"category","embeddable":true,"href":"https:\/\/sertsc.org.br\/site\/wp-json\/wp\/v2\/categories?post=7772"},{"taxonomy":"post_tag","embeddable":true,"href":"https:\/\/sertsc.org.br\/site\/wp-json\/wp\/v2\/tags?post=7772"}],"curies":[{"name":"wp","href":"https:\/\/api.w.org\/{rel}","templated":true}]}}