{"id":7760,"date":"2018-06-08T09:29:20","date_gmt":"2018-06-08T12:29:20","guid":{"rendered":"http:\/\/www.sertsc.org.br\/site\/?p=7760"},"modified":"2018-06-08T09:29:20","modified_gmt":"2018-06-08T12:29:20","slug":"curso-de-marketing-voltado-para-o-setor-de-radio-e-tv","status":"publish","type":"post","link":"https:\/\/sertsc.org.br\/site\/curso-de-marketing-voltado-para-o-setor-de-radio-e-tv\/","title":{"rendered":"Curso de marketing voltado para o setor de R\u00e1dio e TV"},"content":{"rendered":"<p><a href=\"http:\/\/www.sertsc.org.br\/site\/curso-de-marketing-para-radio-e-tv\/\" rel=\"attachment wp-att-7764\"><img fetchpriority=\"high\" decoding=\"async\" class=\"aligncenter size-full wp-image-7764\" src=\"http:\/\/www.sertsc.org.br\/site\/wp-content\/uploads\/2018\/06\/FERNANDO-BELO.jpg\" alt=\"FERNANDO BELO\" width=\"503\" height=\"254\" \/><\/a><\/p>\n<p style=\"text-align: center;\"><a href=\"http:\/\/www.sertsc.org.br\/site\/curso-de-marketing-para-radio-e-tv\/\"><strong><span style=\"text-decoration: underline;\">CLIQUE E ASSISTA<\/span><\/strong><\/a><\/p>\n<p>&nbsp;<\/p>\n<p><strong>Descri\u00e7\u00e3o<\/strong><br \/>\nDesenvolvido pelo SERT\/SC &#8211; Sindicato das Empresas de R\u00e1dio e Televis\u00e3o do Estado de Santa Catarina em parceria com o Sebrae\/SC, esta capacita\u00e7\u00e3o apresenta orienta\u00e7\u00f5es do professor Fernando Morgado sobre os principais conceitos e ferramentas de marketing para o mercado de r\u00e1dio e televis\u00e3o.<\/p>\n<p>&nbsp;<\/p>\n<p><strong>P\u00fablico<\/strong><br \/>\nEsta capacita\u00e7\u00e3o \u00e9 ideal para voc\u00ea, empreendedor da \u00e1rea de radiodifus\u00e3o, que deseja se estruturar para entrar no mercado ou quer aperfei\u00e7oar a gest\u00e3o do seu neg\u00f3cio.<\/p>\n<p>&nbsp;<\/p>\n<p><strong>Conte\u00fado e carga hor\u00e1ria<\/strong><br \/>\nDura\u00e7\u00e3o de 1 hora de capacita\u00e7\u00e3o, divididos em seis blocos. Neles, voc\u00ea ter\u00e1 a oportunidade de aprender como garantir melhores resultados utilizando as ferramentas de marketing para o segmento de r\u00e1dio e TV.<br \/>\nPosicionamento, concorr\u00eancia, marca, pesquisa e relacionamento com ouvintes, telespectadores e anunciantes ser\u00e3o alguns dos temas abordados neste curso.<\/p>\n<p><strong><br \/>\nDiferenciais<\/strong><br \/>\nCom esta capacita\u00e7\u00e3o, pioneira no Brasil, voc\u00ea entender\u00e1 como o marketing pode ser aplicado pelas empresas de r\u00e1dio e TV para que elas conhe\u00e7am e atendam melhor aos seus diversos p\u00fablicos, gerando mais neg\u00f3cios e maiores audi\u00eancias.<\/p>\n<p>&nbsp;<\/p>\n<p><a href=\"http:\/\/www.sertsc.org.br\/site\/o-que-voce-vai-aprender-no-curso-oferecido-pelo-sertsc\/\">Quero me inscrever!<\/a><\/p>\n","protected":false},"excerpt":{"rendered":"<p>CLIQUE E ASSISTA &nbsp; Descri\u00e7\u00e3o Desenvolvido pelo SERT\/SC &#8211; Sindicato&hellip;<\/p>\n<p> <a class=\"more-link\" href=\"https:\/\/sertsc.org.br\/site\/curso-de-marketing-voltado-para-o-setor-de-radio-e-tv\/\">Leia mais<\/a><\/p>\n","protected":false},"author":1,"featured_media":7764,"comment_status":"closed","ping_status":"open","sticky":false,"template":"","format":"standard","meta":{"footnotes":""},"categories":[3],"tags":[],"class_list":{"0":"post-7760","1":"post","2":"type-post","3":"status-publish","4":"format-standard","5":"has-post-thumbnail","7":"category-noticias"},"_links":{"self":[{"href":"https:\/\/sertsc.org.br\/site\/wp-json\/wp\/v2\/posts\/7760","targetHints":{"allow":["GET"]}}],"collection":[{"href":"https:\/\/sertsc.org.br\/site\/wp-json\/wp\/v2\/posts"}],"about":[{"href":"https:\/\/sertsc.org.br\/site\/wp-json\/wp\/v2\/types\/post"}],"author":[{"embeddable":true,"href":"https:\/\/sertsc.org.br\/site\/wp-json\/wp\/v2\/users\/1"}],"replies":[{"embeddable":true,"href":"https:\/\/sertsc.org.br\/site\/wp-json\/wp\/v2\/comments?post=7760"}],"version-history":[{"count":0,"href":"https:\/\/sertsc.org.br\/site\/wp-json\/wp\/v2\/posts\/7760\/revisions"}],"wp:featuredmedia":[{"embeddable":true,"href":"https:\/\/sertsc.org.br\/site\/wp-json\/"}],"wp:attachment":[{"href":"https:\/\/sertsc.org.br\/site\/wp-json\/wp\/v2\/media?parent=7760"}],"wp:term":[{"taxonomy":"category","embeddable":true,"href":"https:\/\/sertsc.org.br\/site\/wp-json\/wp\/v2\/categories?post=7760"},{"taxonomy":"post_tag","embeddable":true,"href":"https:\/\/sertsc.org.br\/site\/wp-json\/wp\/v2\/tags?post=7760"}],"curies":[{"name":"wp","href":"https:\/\/api.w.org\/{rel}","templated":true}]}}