{"id":7751,"date":"2018-06-07T16:44:22","date_gmt":"2018-06-07T19:44:22","guid":{"rendered":"http:\/\/www.sertsc.org.br\/site\/?p=7751"},"modified":"2018-06-07T16:44:22","modified_gmt":"2018-06-07T19:44:22","slug":"publicidade-comercial-em-emissoras-comunitarias-representa-extincao-das-pequenas-radios-comerciais-afirma-abert","status":"publish","type":"post","link":"https:\/\/sertsc.org.br\/site\/publicidade-comercial-em-emissoras-comunitarias-representa-extincao-das-pequenas-radios-comerciais-afirma-abert\/","title":{"rendered":"&#8220;Publicidade comercial em emissoras comunit\u00e1rias representa extin\u00e7\u00e3o das pequenas r\u00e1dios comerciais&#8221;, afirma ABERT"},"content":{"rendered":"<p style=\"text-align: justify;\">A ABERT fez duras cr\u00edticas, nesta quinta-feira (7), \u00e0 aprova\u00e7\u00e3o pela Comiss\u00e3o de Constitui\u00e7\u00e3o e Justi\u00e7a (CCJ) do Senado do PLS 55\/2016, que permite a comercializa\u00e7\u00e3o de publicidade pelas r\u00e1dios comunit\u00e1rias.<\/p>\n<p style=\"text-align: justify;\">De autoria do ex-senador Donizeti Nogueira (PT-TO) e relatoria do senador Acir Gurgacz (PDT-RO), o projeto segue agora para an\u00e1lise da Comiss\u00e3o de Ci\u00eancia, Tecnologia, Inova\u00e7\u00e3o, Comunica\u00e7\u00e3o e Inform\u00e1tica (CCT).<\/p>\n<p style=\"text-align: justify;\">Em mensagem enviada \u00e0s r\u00e1dios, a ABERT considera inconstitucional o projeto de lei aprovado na quarta-feira (6). De acordo com a mensagem, \u201cest\u00e1 em curso no Senado Federal um esc\u00e2ndalo que atenta contra o poder p\u00fablico, o contribuinte e as emissoras de r\u00e1dio comerciais&#8221;.<\/p>\n<p style=\"text-align: justify;\">Para a ABERT, \u201co projeto de lei iguala uma r\u00e1dio comunit\u00e1ria a uma comercial, mas vale lembrar que as finalidades s\u00e3o distintas. A r\u00e1dio comercial paga um alto valor pela outorga, e tem obriga\u00e7\u00f5es e encargos tribut\u00e1rios, trabalhistas e previdenci\u00e1rios que geram elevados custos. J\u00e1 as r\u00e1dios comunit\u00e1rias s\u00e3o administradas por associa\u00e7\u00f5es sem fins lucrativos e recebem, gratuitamente, autoriza\u00e7\u00e3o p\u00fablica para funcionar. A ABERT espera que o Senado rejeite a proposta que levar\u00e1 \u00e0 extin\u00e7\u00e3o das pequenas emissoras comerciais, com efeitos danosos ao direito de informa\u00e7\u00e3o do ouvinte\u201d, afirma a mensagem.<\/p>\n<p style=\"text-align: justify;\"><strong>Entenda o caso<\/strong><\/p>\n<p style=\"text-align: justify;\">Pela legisla\u00e7\u00e3o atual, a r\u00e1dio comunit\u00e1ria \u00e9 administrada por associa\u00e7\u00f5es sem fins lucrativos e recebe, gratuitamente, autoriza\u00e7\u00e3o p\u00fablica para funcionamento. Criada por lei, trata-se de uma emissora de baixa pot\u00eancia e de alcance e sintonia de apenas uma comunidade. \u00c9 obtida facilmente, com uma documenta\u00e7\u00e3o muito simplificada. Existem cerca de 6 mil emissoras comunit\u00e1rias no Brasil. Por ser obtida a t\u00edtulo gratuito, tamb\u00e9m n\u00e3o pode ser explorada comercialmente, fazer publicidade comercial paga e auferir lucro. A principal fonte de custeio \u00e9 o apoio cultural em forma de patroc\u00ednio.<\/p>\n<p style=\"text-align: justify;\">J\u00e1 para a r\u00e1dio comercial, o processo de obten\u00e7\u00e3o de uma outorga \u00e9 extremamente dif\u00edcil, caro e demora muitos anos. Este tipo de emissora tem in\u00fameras obriga\u00e7\u00f5es legais de opera\u00e7\u00e3o. Atualmente existem mais de 4,6 mil emissoras de r\u00e1dio comerciais em todo o Brasil.<\/p>\n<p style=\"text-align: center;\"><span style=\"color: #ff0000;\"><strong>ABERT pede que emissoras comerciais divulguem mensagem (spot)<\/strong><\/span><\/p>\n<p>A ABERT pede \u00e0s emissoras comerciais que divulguem o \u00e1udio da mensagem em sua programa\u00e7\u00e3o. O spot est\u00e1 dispon\u00edvel para veicula\u00e7\u00e3o gratuita pelas r\u00e1dios <a href=\"http:\/\/www.abert.org.br\/web\/images\/Biblioteca\/Midias\/SPOT-ABERT.mp3\">aqui<\/a>.<\/p>\n<p>O SERT\/SC sempre preocupado com as quest\u00f5es pertinentes \u00e0 radiodifus\u00e3o acredita que unidos somos mais fortes. Carlos Alberto Ross, presidente do SERT\/SC, visando a legalidade, o trabalho e o empenho das r\u00e1dios comerciais em se manterem no mercado, apoia a iniciativa da ABERT. &#8220;Esta \u00e9 a nossa obriga\u00e7\u00e3o, defender a radiodifus\u00e3o e fortalec\u00ea-la.&#8221; afirma o mesmo.<\/p>\n<p>&nbsp;<\/p>\n<p>Com informa\u00e7\u00f5es da ABERT.<\/p>\n<p>&nbsp;<\/p>\n<p>&nbsp;<\/p>\n<p style=\"text-align: justify;\">\n","protected":false},"excerpt":{"rendered":"<p>A ABERT fez duras cr\u00edticas, nesta quinta-feira (7), \u00e0 aprova\u00e7\u00e3o&hellip;<\/p>\n<p> <a class=\"more-link\" href=\"https:\/\/sertsc.org.br\/site\/publicidade-comercial-em-emissoras-comunitarias-representa-extincao-das-pequenas-radios-comerciais-afirma-abert\/\">Leia mais<\/a><\/p>\n","protected":false},"author":1,"featured_media":7755,"comment_status":"closed","ping_status":"open","sticky":false,"template":"","format":"standard","meta":{"footnotes":""},"categories":[3],"tags":[],"class_list":{"0":"post-7751","1":"post","2":"type-post","3":"status-publish","4":"format-standard","5":"has-post-thumbnail","7":"category-noticias"},"_links":{"self":[{"href":"https:\/\/sertsc.org.br\/site\/wp-json\/wp\/v2\/posts\/7751","targetHints":{"allow":["GET"]}}],"collection":[{"href":"https:\/\/sertsc.org.br\/site\/wp-json\/wp\/v2\/posts"}],"about":[{"href":"https:\/\/sertsc.org.br\/site\/wp-json\/wp\/v2\/types\/post"}],"author":[{"embeddable":true,"href":"https:\/\/sertsc.org.br\/site\/wp-json\/wp\/v2\/users\/1"}],"replies":[{"embeddable":true,"href":"https:\/\/sertsc.org.br\/site\/wp-json\/wp\/v2\/comments?post=7751"}],"version-history":[{"count":0,"href":"https:\/\/sertsc.org.br\/site\/wp-json\/wp\/v2\/posts\/7751\/revisions"}],"wp:featuredmedia":[{"embeddable":true,"href":"https:\/\/sertsc.org.br\/site\/wp-json\/"}],"wp:attachment":[{"href":"https:\/\/sertsc.org.br\/site\/wp-json\/wp\/v2\/media?parent=7751"}],"wp:term":[{"taxonomy":"category","embeddable":true,"href":"https:\/\/sertsc.org.br\/site\/wp-json\/wp\/v2\/categories?post=7751"},{"taxonomy":"post_tag","embeddable":true,"href":"https:\/\/sertsc.org.br\/site\/wp-json\/wp\/v2\/tags?post=7751"}],"curies":[{"name":"wp","href":"https:\/\/api.w.org\/{rel}","templated":true}]}}