{"id":7747,"date":"2018-06-07T16:30:34","date_gmt":"2018-06-07T19:30:34","guid":{"rendered":"http:\/\/www.sertsc.org.br\/site\/?p=7747"},"modified":"2018-06-07T16:30:34","modified_gmt":"2018-06-07T19:30:34","slug":"contrato-de-trabalho-intermitente","status":"publish","type":"post","link":"https:\/\/sertsc.org.br\/site\/contrato-de-trabalho-intermitente\/","title":{"rendered":"Contrato de trabalho intermitente"},"content":{"rendered":"<p style=\"text-align: justify;\">O contrato de trabalho intermitente ser\u00e1 celebrado por escrito e registrado na Carteira de Trabalho e Previd\u00eancia Social (CTPS), ainda que previsto em acordo coletivo de trabalho ou conven\u00e7\u00e3o coletiva, e conter\u00e1:<\/p>\n<p style=\"text-align: justify;\">a) identifica\u00e7\u00e3o, assinatura e domic\u00edlio ou sede das partes;<br \/>\nb) valor da hora ou do dia de trabalho, que n\u00e3o poder\u00e1 ser inferior ao valor hor\u00e1rio ou di\u00e1rio do sal\u00e1rio-m\u00ednimo, nem inferior \u00e0quele devido aos demais empregados do estabelecimento que exer\u00e7am a mesma fun\u00e7\u00e3o, assegurada a remunera\u00e7\u00e3o do trabalho noturno superior \u00e0 do diurno;<br \/>\nc) o local e o prazo para o pagamento da remunera\u00e7\u00e3o.<br \/>\nO empregado, mediante pr\u00e9vio acordo com o empregador, poder\u00e1 usufruir suas f\u00e9rias em at\u00e9 3 per\u00edodos, nos termos dos \u00a7\u00a7 1\u00ba e 3\u00ba do art. 134 da CLT.<\/p>\n<p style=\"text-align: justify;\">Na hip\u00f3tese de o per\u00edodo de convoca\u00e7\u00e3o exceder um m\u00eas, o pagamento das parcelas a que se refere o \u00a7 6\u00ba do art. 452-A da CLT n\u00e3o poder\u00e1 ser estipulado por per\u00edodo superior a um m\u00eas, devendo ser pagas at\u00e9 o 5\u00ba dia \u00fatil do m\u00eas seguinte ao trabalhado, de acordo com o previsto no \u00a7 1\u00ba do art. 459 da CLT.<\/p>\n<p style=\"text-align: justify;\">Dadas as caracter\u00edsticas especiais do contrato de trabalho intermitente, n\u00e3o constitui descumprimento da letra b ou discrimina\u00e7\u00e3o salarial a pagar ao trabalhador intermitente remunera\u00e7\u00e3o hor\u00e1ria ou di\u00e1ria superior \u00e0 paga aos demais trabalhadores da empresa contratados a prazo indeterminado. Constatada a presta\u00e7\u00e3o dos servi\u00e7os pelo empregado, estar\u00e3o satisfeitos os prazos previstos nos \u00a7\u00a7 1\u00ba e 2\u00ba do art. 452-A da CLT.<\/p>\n<p style=\"text-align: justify;\">\u00c9 facultado \u00e0s partes convencionar por meio do contrato de trabalho intermitente:<\/p>\n<p style=\"text-align: justify;\">a) locais de presta\u00e7\u00e3o de servi\u00e7os; b) turnos para os quais o empregado ser\u00e1 convocado para prestar servi\u00e7os; c) formas e instrumentos de convoca\u00e7\u00e3o e de resposta para a presta\u00e7\u00e3o de servi\u00e7os.<br \/>\nPara fins do disposto no \u00a7 3\u00ba do art. 443 da CLT, considera-se per\u00edodo de inatividade o intervalo temporal distinto daquele para o qual o empregado intermitente haja sido convocado e tenha prestado servi\u00e7os nos termos do \u00a7 1\u00ba do art. 452-A da CLT. Durante o per\u00edodo de inatividade, o empregado poder\u00e1 prestar servi\u00e7os de qualquer natureza a outros tomadores de servi\u00e7o, que exer\u00e7am ou n\u00e3o a mesma atividade econ\u00f4mica, utilizando contrato de trabalho intermitente ou outra modalidade de contrato de trabalho. No contrato de trabalho intermitente, o per\u00edodo de inatividade n\u00e3o ser\u00e1 considerado tempo \u00e0 disposi\u00e7\u00e3o do empregador e n\u00e3o ser\u00e1 remunerado, hip\u00f3tese em que restar\u00e1 descaracterizado o contrato de trabalho intermitente caso haja remunera\u00e7\u00e3o por tempo \u00e0 disposi\u00e7\u00e3o no per\u00edodo de inatividade.<\/p>\n<p style=\"text-align: justify;\">As verbas rescis\u00f3rias e o aviso-pr\u00e9vio ser\u00e3o calculados com base na m\u00e9dia dos valores recebidos pelo empregado no curso do contrato de trabalho intermitente. No c\u00e1lculo da citada m\u00e9dia, ser\u00e3o considerados apenas os meses durante os quais o empregado tenha recebido parcelas remunerat\u00f3rias no intervalo dos \u00faltimos 12 meses ou o per\u00edodo de vig\u00eancia do contrato de trabalho intermitente, se este for inferior.<\/p>\n<p style=\"text-align: justify;\">No contrato de trabalho intermitente, o empregador efetuar\u00e1 o recolhimento das contribui\u00e7\u00f5es previdenci\u00e1rias pr\u00f3prias e do empregado e o dep\u00f3sito do Fundo de Garantia do Tempo de Servi\u00e7o (FGTS) com base nos valores pagos no per\u00edodo mensal e fornecer\u00e1 ao empregado comprovante do cumprimento dessas obriga\u00e7\u00f5es.<\/p>\n<p style=\"text-align: justify;\">As empresas anotar\u00e3o na CTPS de seus empregados o sal\u00e1rio fixo e a m\u00e9dia dos valores das gorjetas referente aos \u00faltimos 12 meses.<\/p>\n<p style=\"text-align: justify;\">A comiss\u00e3o de representantes dos empregados a que se refere o T\u00edtulo IV-A da CLT n\u00e3o substituir\u00e1 a fun\u00e7\u00e3o do sindicato de defender os direitos e os interesses coletivos ou individuais da categoria, inclusive em quest\u00f5es judiciais ou administrativas, hip\u00f3tese em que ser\u00e1 obrigat\u00f3ria a participa\u00e7\u00e3o dos sindicatos em negocia\u00e7\u00f5es coletivas de trabalho, nos termos dos incisos III e VI do caput do art. 8\u00ba da Constitui\u00e7\u00e3o Federal (CF\/1988).<\/p>\n<p style=\"text-align: justify;\">As regras anteriormente descritas vigoram desde 24.05.2018.<\/p>\n<p style=\"text-align: justify;\">(Portaria MTb n\u00ba 349\/2018 &#8211; DOU 1 de 24.05.2018)<\/p>\n<p style=\"text-align: justify;\">Fonte: Editorial IOB<\/p>\n","protected":false},"excerpt":{"rendered":"<p>O contrato de trabalho intermitente ser\u00e1 celebrado por escrito e&hellip;<\/p>\n<p> <a class=\"more-link\" href=\"https:\/\/sertsc.org.br\/site\/contrato-de-trabalho-intermitente\/\">Leia mais<\/a><\/p>\n","protected":false},"author":1,"featured_media":7748,"comment_status":"closed","ping_status":"open","sticky":false,"template":"","format":"standard","meta":{"footnotes":""},"categories":[36],"tags":[],"class_list":{"0":"post-7747","1":"post","2":"type-post","3":"status-publish","4":"format-standard","5":"has-post-thumbnail","7":"category-artigos"},"_links":{"self":[{"href":"https:\/\/sertsc.org.br\/site\/wp-json\/wp\/v2\/posts\/7747","targetHints":{"allow":["GET"]}}],"collection":[{"href":"https:\/\/sertsc.org.br\/site\/wp-json\/wp\/v2\/posts"}],"about":[{"href":"https:\/\/sertsc.org.br\/site\/wp-json\/wp\/v2\/types\/post"}],"author":[{"embeddable":true,"href":"https:\/\/sertsc.org.br\/site\/wp-json\/wp\/v2\/users\/1"}],"replies":[{"embeddable":true,"href":"https:\/\/sertsc.org.br\/site\/wp-json\/wp\/v2\/comments?post=7747"}],"version-history":[{"count":0,"href":"https:\/\/sertsc.org.br\/site\/wp-json\/wp\/v2\/posts\/7747\/revisions"}],"wp:featuredmedia":[{"embeddable":true,"href":"https:\/\/sertsc.org.br\/site\/wp-json\/"}],"wp:attachment":[{"href":"https:\/\/sertsc.org.br\/site\/wp-json\/wp\/v2\/media?parent=7747"}],"wp:term":[{"taxonomy":"category","embeddable":true,"href":"https:\/\/sertsc.org.br\/site\/wp-json\/wp\/v2\/categories?post=7747"},{"taxonomy":"post_tag","embeddable":true,"href":"https:\/\/sertsc.org.br\/site\/wp-json\/wp\/v2\/tags?post=7747"}],"curies":[{"name":"wp","href":"https:\/\/api.w.org\/{rel}","templated":true}]}}