{"id":7722,"date":"2018-06-07T14:04:29","date_gmt":"2018-06-07T17:04:29","guid":{"rendered":"http:\/\/www.sertsc.org.br\/site\/?p=7722"},"modified":"2018-06-07T14:04:29","modified_gmt":"2018-06-07T17:04:29","slug":"premio-estacio-de-jornalismo-esta-com-inscricoes-abertas-para-edicao-2018-que-distribuira-um-total-de-r-125-mil-entre-as-melhores-reportagens","status":"publish","type":"post","link":"https:\/\/sertsc.org.br\/site\/premio-estacio-de-jornalismo-esta-com-inscricoes-abertas-para-edicao-2018-que-distribuira-um-total-de-r-125-mil-entre-as-melhores-reportagens\/","title":{"rendered":"Pr\u00eamio Est\u00e1cio de Jornalismo est\u00e1 com inscri\u00e7\u00f5es abertas para a edi\u00e7\u00e3o 2018 que distribuir\u00e1 um total de R$ 125 mil entre as melhores reportagens"},"content":{"rendered":"<p style=\"text-align: justify;\">O <strong>Pr\u00eamio Est\u00e1cio de Jornalismo<\/strong>, que tem o objetivo de fomentar a produ\u00e7\u00e3o pela imprensa de mat\u00e9rias jornal\u00edsticas que abordem o Ensino Superior no Brasil, est\u00e1 com inscri\u00e7\u00f5es abertas para a oitava edi\u00e7\u00e3o. O pr\u00eamio contemplar\u00e1 reportagens in\u00e9ditas de todas as regi\u00f5es geogr\u00e1ficas do territ\u00f3rio nacional, que tenham sido publicadas ou veiculadas entre os dias 11 de junho de 2017 e 2 de julho de 2018.<\/p>\n<p style=\"text-align: justify;\">\n<p style=\"text-align: justify;\">Desde a sua cria\u00e7\u00e3o, a coordena\u00e7\u00e3o do pr\u00eamio vem percebendo que, al\u00e9m do crescimento do n\u00famero de reportagens inscritas, h\u00e1 um aumento expressivo da qualidade e da diversidade de temas propostos. Mat\u00e9rias cada vez mais elaboradas e estruturadas mostram que os jornalistas est\u00e3o se dedicando e se aprofundando para produzir mais trabalhos de \u201cf\u00f4lego\u201d sobre o ensino superior. A Est\u00e1cio acredita que as boas produ\u00e7\u00f5es podem contribuir e trazer para sociedade mais conhecimento e mostrar a real miss\u00e3o do ensino superior e como ele pode transformar vidas.<\/p>\n<p style=\"text-align: justify;\">\n<p style=\"text-align: justify;\">At\u00e9 o momento, o pr\u00eamio registrou a participa\u00e7\u00e3o de mais de mil jornalistas e profissionais de imprensa, que inscreveram mais de 1.800 reportagens veiculadas em 26 estados e no Distrito Federal. Foram mais de 100 premiados, entre concorrentes individuais e equipes.<\/p>\n<p style=\"text-align: justify;\">\n<p style=\"text-align: justify;\">O pr\u00eamio conta com uma plataforma online de inscri\u00e7\u00e3o no endere\u00e7o <a href=\"http:\/\/www.premioestaciodejornalismo.com.br\/\">premioestaciodejornalismo.com.br<\/a>. O processo de inscri\u00e7\u00e3o \u00e9 pr\u00e1tico, seguro, r\u00e1pido e \u00e9 poss\u00edvel fazer o upload dos arquivos das reportagens via plataforma. As inscri\u00e7\u00f5es podem ser efetuadas at\u00e9 o dia 5 de julho de 2018. Cada concorrente poder\u00e1 inscrever at\u00e9 5 (cinco) mat\u00e9rias.<\/p>\n<p style=\"text-align: justify;\">\n<p style=\"text-align: justify;\">A edi\u00e7\u00e3o 2018 distribuir\u00e1 9 (nove) pr\u00eamios no valor total bruto de R$ 125.000,00 (cento e vinte e cinco mil reais), os quais sofrer\u00e3o os devidos descontos legais, divididos da seguinte forma:<\/p>\n<p style=\"text-align: justify;\">\n<p style=\"text-align: justify;\"><strong>Modalidade Nacional<\/strong><\/p>\n<p style=\"text-align: justify;\">Impresso (jornal e revista) \u2013 R$ 15.000,00 (quinze mil reais);<br \/>\nTV \u2013 R$ 15.000,00 (quinze mil reais);<br \/>\nR\u00e1dio \u2013 R$ 15.000,00 (quinze mil reais);<br \/>\nInternet \u2013 R$ 15.000,00 (quinze mil reais).<\/p>\n<p style=\"text-align: justify;\">\n<p style=\"text-align: justify;\"><strong>Modalidade Regional<\/strong><\/p>\n<p style=\"text-align: justify;\">Impresso (jornal e revista) \u2013 R$ 10.000,00 (dez mil reais);<br \/>\nTV \u2013 R$ 10.000,00 (dez mil reais);<br \/>\nR\u00e1dio \u2013 R$ 10.000,00 (dez mil reais);<br \/>\nInternet \u2013 R$ 10.000,00 (dez mil reais).<\/p>\n<p style=\"text-align: justify;\">\n<p style=\"text-align: justify;\"><strong>Pr\u00eamio Principal<\/strong><br \/>\nGrande Pr\u00eamio Est\u00e1cio de Jornalismo \u2013 R$ 25.000,00 (vinte e cinco mil reais).<\/p>\n<p style=\"text-align: justify;\">\n<p style=\"text-align: justify;\">Todos os vencedores receber\u00e3o certificado e trof\u00e9u alusivos \u00e0 premia\u00e7\u00e3o.<\/p>\n<p style=\"text-align: justify;\">A aprecia\u00e7\u00e3o das reportagens ser\u00e1 realizada em tr\u00eas etapas. Na primeira, uma comiss\u00e3o da Est\u00e1cio ficar\u00e1 encarregada de fazer uma pr\u00e9-sele\u00e7\u00e3o dos trabalhos. Caber\u00e1 a esta comiss\u00e3o averiguar se os trabalhos inscritos seguem os crit\u00e9rios definidos pelo regulamento.<\/p>\n<p style=\"text-align: justify;\">As reportagens que atenderem aos crit\u00e9rios do regulamento ser\u00e3o encaminhadas para a Comiss\u00e3o de Sele\u00e7\u00e3o. Esta comiss\u00e3o ser\u00e1 integrada por professores universit\u00e1rios de Jornalismo da Est\u00e1cio, com atua\u00e7\u00e3o no mercado de trabalho em v\u00e1rias partes do pa\u00eds. Caber\u00e1 a eles indicar os 3 (tr\u00eas) finalistas de cada categoria (Impressa, TV, R\u00e1dio e Internet), nas modalidades Nacional e Regional.<\/p>\n<p style=\"text-align: justify;\">Na terceira e \u00faltima etapa, uma Comiss\u00e3o de Premia\u00e7\u00e3o, composta por formadores de opini\u00e3o de proje\u00e7\u00e3o nacional, ter\u00e1 a fun\u00e7\u00e3o de indicar os vencedores do Pr\u00eamio Est\u00e1cio de Jornalismo \u2013 edi\u00e7\u00e3o 2018 em cada categoria e tamb\u00e9m o vencedor do pr\u00eamio principal, o Grande Pr\u00eamio Est\u00e1cio de Jornalismo. Os membros da Comiss\u00e3o de Premia\u00e7\u00e3o ser\u00e3o conhecidos e divulgados ao longo do processo.<\/p>\n<p style=\"text-align: justify;\">Os finalistas ter\u00e3o seus nomes divulgados em setembro e o an\u00fancio dos vencedores ser\u00e1 feito durante solenidade, em lugar e data a serem divulgados oportunamente. Saiba mais em\u00a0<a href=\"http:\/\/www.premioestaciodejornalismo.com.br\/\" target=\"_blank\" rel=\"noopener noreferrer\">premioestaciodejornalismo.com.br<\/a>.<\/p>\n<p style=\"text-align: justify;\">\n<p style=\"text-align: justify;\">FONTE: Acontecendo Aqui.<\/p>\n","protected":false},"excerpt":{"rendered":"<p>O Pr\u00eamio Est\u00e1cio de Jornalismo, que tem o objetivo de&hellip;<\/p>\n<p> <a class=\"more-link\" href=\"https:\/\/sertsc.org.br\/site\/premio-estacio-de-jornalismo-esta-com-inscricoes-abertas-para-edicao-2018-que-distribuira-um-total-de-r-125-mil-entre-as-melhores-reportagens\/\">Leia mais<\/a><\/p>\n","protected":false},"author":1,"featured_media":7723,"comment_status":"closed","ping_status":"open","sticky":false,"template":"","format":"standard","meta":{"footnotes":""},"categories":[3],"tags":[],"class_list":{"0":"post-7722","1":"post","2":"type-post","3":"status-publish","4":"format-standard","5":"has-post-thumbnail","7":"category-noticias"},"_links":{"self":[{"href":"https:\/\/sertsc.org.br\/site\/wp-json\/wp\/v2\/posts\/7722","targetHints":{"allow":["GET"]}}],"collection":[{"href":"https:\/\/sertsc.org.br\/site\/wp-json\/wp\/v2\/posts"}],"about":[{"href":"https:\/\/sertsc.org.br\/site\/wp-json\/wp\/v2\/types\/post"}],"author":[{"embeddable":true,"href":"https:\/\/sertsc.org.br\/site\/wp-json\/wp\/v2\/users\/1"}],"replies":[{"embeddable":true,"href":"https:\/\/sertsc.org.br\/site\/wp-json\/wp\/v2\/comments?post=7722"}],"version-history":[{"count":0,"href":"https:\/\/sertsc.org.br\/site\/wp-json\/wp\/v2\/posts\/7722\/revisions"}],"wp:featuredmedia":[{"embeddable":true,"href":"https:\/\/sertsc.org.br\/site\/wp-json\/"}],"wp:attachment":[{"href":"https:\/\/sertsc.org.br\/site\/wp-json\/wp\/v2\/media?parent=7722"}],"wp:term":[{"taxonomy":"category","embeddable":true,"href":"https:\/\/sertsc.org.br\/site\/wp-json\/wp\/v2\/categories?post=7722"},{"taxonomy":"post_tag","embeddable":true,"href":"https:\/\/sertsc.org.br\/site\/wp-json\/wp\/v2\/tags?post=7722"}],"curies":[{"name":"wp","href":"https:\/\/api.w.org\/{rel}","templated":true}]}}