{"id":7683,"date":"2018-06-05T14:18:27","date_gmt":"2018-06-05T17:18:27","guid":{"rendered":"http:\/\/www.sertsc.org.br\/site\/?p=7683"},"modified":"2018-06-05T14:18:27","modified_gmt":"2018-06-05T17:18:27","slug":"procura-por-radio-cresce-durante-o-periodo-da-copa-do-mundo","status":"publish","type":"post","link":"https:\/\/sertsc.org.br\/site\/procura-por-radio-cresce-durante-o-periodo-da-copa-do-mundo\/","title":{"rendered":"Procura por R\u00e1dio cresce durante o per\u00edodo da Copa do Mundo"},"content":{"rendered":"<p style=\"text-align: center;\"><strong>Levantamento foi realizado pela Kantar IBOPE Media na Am\u00e9rica Latina<\/strong><\/p>\n<p>&nbsp;<\/p>\n<p style=\"text-align: justify;\">A Kantar Ibope Media divulgou o resultado de um levantamento que tra\u00e7ou o perfil dos interessados por futebol na Am\u00e9rica Latina, com base nos dados do Target Group Index. A pesquisa mostra que a Copa do Mundo de Futebol aumenta a procura das pessoas pelo R\u00e1dio e de outros meios de comunica\u00e7\u00e3o.<\/p>\n<p style=\"text-align: justify;\">De acordo com o levantamento, o futebol est\u00e1 entre os temas favoritos de 34% dos entrevistados que consomem m\u00eddia (televis\u00e3o, R\u00e1dio, revistas, jornais e internet) no Brasil, Argentina, Chile, Col\u00f4mbia, Equador, M\u00e9xico e Peru, o que equivale a 63 milh\u00f5es de pessoas. Mais da metade desse p\u00fablico (51,5%) tem entre 20 e 44 anos.<\/p>\n<p style=\"text-align: justify;\">Analisando a rela\u00e7\u00e3o dos interessados em futebol com os meios de comunica\u00e7\u00e3o, pode se dizer que eles os consomem mais do que a m\u00e9dia da popula\u00e7\u00e3o. Com destaque para jornais, televis\u00e3o por assinatura e R\u00e1dio.<\/p>\n<p style=\"text-align: justify;\">Pelo alto consumo de m\u00eddia, esse p\u00fablico \u00e9 10% mais prop\u00edcio a fazer buscas na internet enquanto assiste televis\u00e3o. Al\u00e9m disso, eles preferem m\u00faltiplas op\u00e7\u00f5es de conte\u00fado, com 43% declarando que &#8220;gostam de ter uma grande variedade de canais de TV&#8221;.<\/p>\n<p><a href=\"http:\/\/www.sertsc.org.br\/site\/procura-por-radio-cresce-durante-o-periodo-da-copa-do-mundo\/kantar\/\" rel=\"attachment wp-att-7684\"><img fetchpriority=\"high\" decoding=\"async\" class=\"aligncenter size-full wp-image-7684\" src=\"http:\/\/www.sertsc.org.br\/site\/wp-content\/uploads\/2018\/06\/kantar.jpg\" alt=\"kantar\" width=\"575\" height=\"334\" \/><\/a><\/p>\n<p style=\"text-align: justify;\">O interesse desse p\u00fablico por futebol n\u00e3o se restringe ao consumo de meios. De acordo com a pesquisa, 31% deles praticaram algum esporte nos \u00faltimos 12 meses (23% na m\u00e9dia da popula\u00e7\u00e3o) e 11% foram aos est\u00e1dios de futebol para acompanhar algum jogo (7% na m\u00e9dia da popula\u00e7\u00e3o) no mesmo per\u00edodo. O interesse pelas eliminat\u00f3rias da Copa do Mundo tamb\u00e9m foi maior entre esse p\u00fablico: 18% viram pela TV ou pessoalmente, 61% a mais que a m\u00e9dia geral.<\/p>\n<p style=\"text-align: justify;\">No recorte voltado ao R\u00e1dio, o consumo m\u00e9dio da popula\u00e7\u00e3o \u00e9 de 63,8% contra 71,7% dos interessados em futebol. No Brasil, v\u00e1rias emissoras j\u00e1 contam com equipes na R\u00fassia ou embarcando para a sede da Copa do Mundo, que come\u00e7a no dia 14.<\/p>\n<p>&nbsp;<\/p>\n<p>FONTE: Tudo R\u00e1dio.<\/p>\n","protected":false},"excerpt":{"rendered":"<p>Levantamento foi realizado pela Kantar IBOPE Media na Am\u00e9rica Latina&hellip;<\/p>\n<p> <a class=\"more-link\" href=\"https:\/\/sertsc.org.br\/site\/procura-por-radio-cresce-durante-o-periodo-da-copa-do-mundo\/\">Leia mais<\/a><\/p>\n","protected":false},"author":1,"featured_media":7697,"comment_status":"closed","ping_status":"open","sticky":false,"template":"","format":"standard","meta":{"footnotes":""},"categories":[3],"tags":[],"class_list":{"0":"post-7683","1":"post","2":"type-post","3":"status-publish","4":"format-standard","5":"has-post-thumbnail","7":"category-noticias"},"_links":{"self":[{"href":"https:\/\/sertsc.org.br\/site\/wp-json\/wp\/v2\/posts\/7683","targetHints":{"allow":["GET"]}}],"collection":[{"href":"https:\/\/sertsc.org.br\/site\/wp-json\/wp\/v2\/posts"}],"about":[{"href":"https:\/\/sertsc.org.br\/site\/wp-json\/wp\/v2\/types\/post"}],"author":[{"embeddable":true,"href":"https:\/\/sertsc.org.br\/site\/wp-json\/wp\/v2\/users\/1"}],"replies":[{"embeddable":true,"href":"https:\/\/sertsc.org.br\/site\/wp-json\/wp\/v2\/comments?post=7683"}],"version-history":[{"count":0,"href":"https:\/\/sertsc.org.br\/site\/wp-json\/wp\/v2\/posts\/7683\/revisions"}],"wp:featuredmedia":[{"embeddable":true,"href":"https:\/\/sertsc.org.br\/site\/wp-json\/"}],"wp:attachment":[{"href":"https:\/\/sertsc.org.br\/site\/wp-json\/wp\/v2\/media?parent=7683"}],"wp:term":[{"taxonomy":"category","embeddable":true,"href":"https:\/\/sertsc.org.br\/site\/wp-json\/wp\/v2\/categories?post=7683"},{"taxonomy":"post_tag","embeddable":true,"href":"https:\/\/sertsc.org.br\/site\/wp-json\/wp\/v2\/tags?post=7683"}],"curies":[{"name":"wp","href":"https:\/\/api.w.org\/{rel}","templated":true}]}}