{"id":7675,"date":"2018-06-04T08:33:36","date_gmt":"2018-06-04T11:33:36","guid":{"rendered":"http:\/\/www.sertsc.org.br\/site\/?p=7675"},"modified":"2018-06-04T08:33:36","modified_gmt":"2018-06-04T11:33:36","slug":"levantamento-brasil-esta-proximo-da-marca-de-400-migrantes-da-faixa-am-ativas-no-dial-fm","status":"publish","type":"post","link":"https:\/\/sertsc.org.br\/site\/levantamento-brasil-esta-proximo-da-marca-de-400-migrantes-da-faixa-am-ativas-no-dial-fm\/","title":{"rendered":"Levantamento: Brasil est\u00e1 pr\u00f3ximo da marca de 400 migrantes da faixa AM ativas no dial FM"},"content":{"rendered":"<p>Levantamento do servi\u00e7o \u201c<strong>Dials FM\/AM tudoradio.com<\/strong>\u201d aponta que s\u00e3o <strong>389 emissoras<\/strong> originadas na faixa <strong>AM<\/strong> que est\u00e3o ativas no dial <strong>FM<\/strong><\/p>\n<p>O processo de migra\u00e7\u00e3o <strong>AM-FM<\/strong> segue evoluindo no mercado brasileiro. O ritmo de novas FMs no dial originadas da faixa AM diminuiu nas \u00faltimas tr\u00eas semanas, mas o processo segue evoluindo nas pra\u00e7as que ainda contam com espa\u00e7o no \u201cdial convencional\u201d (88.1 FM para 107.9 FM) para acomodar essas esta\u00e7\u00f5es. At\u00e9 o fechamento desta mat\u00e9ria, o servi\u00e7o \u201cDials FM\/AM do tudoradio.com\u201d e o \u201cMapa da Atualiza\u00e7\u00e3o do tudoradio.com\u201d mapearam 389 migrantes ativas na faixa FM. Acompanhe:<\/p>\n<p>O mapeamento aponta que o processo de migra\u00e7\u00e3o AM-FM continua mais acelerado no estado do Paran\u00e1, este que conta com 52 emissoras originadas em AM que j\u00e1 est\u00e3o operando normalmente no dial FM. Na sequ\u00eancia aparece S\u00e3o Paulo, com 49 emissoras e uma situa\u00e7\u00e3o de espectro mais delicada, j\u00e1 que a ocupa\u00e7\u00e3o da faixa entre 88.1 FM a 107.9 FM \u00e9 maior, o que inspira mais cuidados para a acomoda\u00e7\u00e3o dessas emissoras. Minas Gerais tem 46 r\u00e1dios vindas do AM mapeadas em FM, enquanto Santa Catarina e Rio Grande do Sul aparecem com 36 cada.<\/p>\n<p>Mato Grosso (23 emissoras), Mato Grosso do Sul (23), Goi\u00e1s (19), Cear\u00e1 (17) e Bahia (16) tamb\u00e9m est\u00e3o com o processo em evolu\u00e7\u00e3o, estados que recentemente apresentaram novidades em seus espectros FMs. Em Campo Grande (MS), por exemplo, o processo evoluiu de forma significativa devido o espa\u00e7o existente na faixa FM convencional (88.1 FM a 107.9 FM). Teresina (PI) tamb\u00e9m \u00e9 outro exemplo de capital que evoluiu de forma significativa no processo, tendo a R\u00e1dio Pioneira FM 88.7 como migrante mais recente.<\/p>\n<p>A desacelera\u00e7\u00e3o do processo nas \u00faltimas semanas pode ser moment\u00e2nea e ligada \u00e0 v\u00e1rios motivos. V\u00e1rias emissoras est\u00e3o com pend\u00eancias t\u00e9cnicas, jur\u00eddicas ou aguardam libera\u00e7\u00e3o para iniciarem suas opera\u00e7\u00f5es no dial FM \u201cconvencional\u201d, conforme destacado no evento realizado pela AESP no final de maio em S\u00e3o Paulo. Mas \u00e9 poss\u00edvel que o n\u00famero chegue a 400 migrantes AM-FM mapeadas pelo tudoradio.com ainda no m\u00eas de junho.<\/p>\n<p>O FMe<\/p>\n<p>O FMe, ou FM estendido (entre 76 MHz a 88 MHz) ainda \u00e9 uma incerteza e gera expectativa. As \u00faltimas previs\u00f5es indicavam que a canaliza\u00e7\u00e3o nessa faixa ser\u00e1 iniciada a partir do segundo semestre deste ano, ou seja, o mercado ainda conta com essa informa\u00e7\u00e3o. O FMe ser\u00e1 respons\u00e1vel pela evolu\u00e7\u00e3o da migra\u00e7\u00e3o AM-FM nos mercados onde n\u00e3o h\u00e1 espa\u00e7o entre 88.1 FM a 107.9 FM, ou seja, em pra\u00e7as como S\u00e3o Paulo, Rio de Janeiro, Belo Horizonte, Fortaleza, Salvador, Curitiba, Porto Alegre, Campinas, S\u00e3o Jos\u00e9 dos Campos, Ribeir\u00e3o Preto, entre outras cidades.<\/p>\n<p>No come\u00e7o de mar\u00e7o o tudoradio.com publicou uma mat\u00e9ria que indicava 347 migrantes AM-FM mapeadas pelo sistema do portal. E no final de janeiro esse n\u00famero estava em 325.<\/p>\n<p><a href=\"https:\/\/tudoradio.com\/conteudo\/ver\/45-o-radio-migracao-das-ams-levantamento-no-fm\" target=\"_blank\" rel=\"noopener noreferrer\">Clique aqui <\/a>e confira a lista completa de migrantes AM-FM mapeadas pelo tudoradio.com<\/p>\n<p>&nbsp;<\/p>\n<p>Fonte: Tudo.R\u00e1dio.com<\/p>\n","protected":false},"excerpt":{"rendered":"<p>Levantamento do servi\u00e7o \u201cDials FM\/AM tudoradio.com\u201d aponta que s\u00e3o 389&hellip;<\/p>\n<p> <a class=\"more-link\" href=\"https:\/\/sertsc.org.br\/site\/levantamento-brasil-esta-proximo-da-marca-de-400-migrantes-da-faixa-am-ativas-no-dial-fm\/\">Leia mais<\/a><\/p>\n","protected":false},"author":1,"featured_media":6472,"comment_status":"closed","ping_status":"open","sticky":false,"template":"","format":"standard","meta":{"footnotes":""},"categories":[3],"tags":[41,50,70,52,66,54],"class_list":{"0":"post-7675","1":"post","2":"type-post","3":"status-publish","4":"format-standard","5":"has-post-thumbnail","7":"category-noticias","8":"tag-am","9":"tag-emissoras-de-radio","10":"tag-emissoras-de-radio-e-tv","11":"tag-migracao-am-fm","12":"tag-radio-e-tv","13":"tag-santa-catarina"},"_links":{"self":[{"href":"https:\/\/sertsc.org.br\/site\/wp-json\/wp\/v2\/posts\/7675","targetHints":{"allow":["GET"]}}],"collection":[{"href":"https:\/\/sertsc.org.br\/site\/wp-json\/wp\/v2\/posts"}],"about":[{"href":"https:\/\/sertsc.org.br\/site\/wp-json\/wp\/v2\/types\/post"}],"author":[{"embeddable":true,"href":"https:\/\/sertsc.org.br\/site\/wp-json\/wp\/v2\/users\/1"}],"replies":[{"embeddable":true,"href":"https:\/\/sertsc.org.br\/site\/wp-json\/wp\/v2\/comments?post=7675"}],"version-history":[{"count":0,"href":"https:\/\/sertsc.org.br\/site\/wp-json\/wp\/v2\/posts\/7675\/revisions"}],"wp:featuredmedia":[{"embeddable":true,"href":"https:\/\/sertsc.org.br\/site\/wp-json\/"}],"wp:attachment":[{"href":"https:\/\/sertsc.org.br\/site\/wp-json\/wp\/v2\/media?parent=7675"}],"wp:term":[{"taxonomy":"category","embeddable":true,"href":"https:\/\/sertsc.org.br\/site\/wp-json\/wp\/v2\/categories?post=7675"},{"taxonomy":"post_tag","embeddable":true,"href":"https:\/\/sertsc.org.br\/site\/wp-json\/wp\/v2\/tags?post=7675"}],"curies":[{"name":"wp","href":"https:\/\/api.w.org\/{rel}","templated":true}]}}