{"id":7652,"date":"2018-05-30T10:07:07","date_gmt":"2018-05-30T13:07:07","guid":{"rendered":"http:\/\/www.sertsc.org.br\/site\/?p=7652"},"modified":"2018-05-30T10:07:07","modified_gmt":"2018-05-30T13:07:07","slug":"o-radio-jamais-vai-morrer-entrevista-com-valter-lima","status":"publish","type":"post","link":"https:\/\/sertsc.org.br\/site\/o-radio-jamais-vai-morrer-entrevista-com-valter-lima\/","title":{"rendered":"\u201cO r\u00e1dio jamais vai morrer\u201d entrevista com Valter Lima"},"content":{"rendered":"<p style=\"text-align: center;\"><strong>Apresentador da R\u00e1dio Nacional, emissora que completa 60 anos neste m\u00eas, Valter Lima aposta na for\u00e7a do meio no futuro. E avisa: quando morrer, ele vai querer ser locutor de Deus<\/strong><\/p>\n<p>&nbsp;<\/p>\n<p style=\"text-align: justify;\">N\u00e3o h\u00e1 como falar da R\u00e1dio Nacional e n\u00e3o lembrar de Valter Lima. Da mesma forma que a hist\u00f3ria da emissora se funde com a da constru\u00e7\u00e3o de Bras\u00edlia, a hist\u00f3ria de Valter se mistura com a trajet\u00f3ria do ve\u00edculo. E na semana em que a R\u00e1dio Nacional de Bras\u00edlia completa 60 anos, ele fala de seu compromisso com a informa\u00e7\u00e3o e com os seus ouvintes.<\/p>\n<p style=\"text-align: justify;\">Para Valter Lima, \u201ca R\u00e1dio Nacional teve e continua tendo um papel social muito grande\u201d no pa\u00eds. A entrevista com Valter Lima foi ao ar no \u2018Conversa com Roseann Kennedy\u2019. A edi\u00e7\u00e3o do programa foi transmitida nesta segunda-feira, 28, \u00e0s 21h15, na TV Brasil.<\/p>\n<p style=\"text-align: justify;\">Apresentador, \u00e2ncora e locutor do programa mais longevo de r\u00e1dio do Brasil, Valter trata de uma variedade de assuntos em seu programa. O \u2018Revista Brasil\u2019 traz debates, entrevistas e reportagens sobre os assuntos mais relevantes do momento. Durante esses anos no ar, que podem ser contados em d\u00e9cadas, a atra\u00e7\u00e3o sempre foi marcada pela presta\u00e7\u00e3o de servi\u00e7os.<\/p>\n<p style=\"text-align: justify;\"><a href=\"http:\/\/www.sertsc.org.br\/site\/o-radio-jamais-vai-morrer-entrevista-com-valter-lima\/roseann-kennedy-valter-lima-radio-nacional-tv-brasil\/\" rel=\"attachment wp-att-7653\"><img fetchpriority=\"high\" decoding=\"async\" class=\"aligncenter size-full wp-image-7653\" src=\"http:\/\/www.sertsc.org.br\/site\/wp-content\/uploads\/2018\/05\/roseann-kennedy-valter-lima-radio-nacional-tv-brasil.png\" alt=\"roseann-kennedy-valter-lima-radio-nacional-tv-brasil\" width=\"640\" height=\"314\" \/><\/a><\/p>\n<p><strong>R\u00e1dio \u2013 vida e futuro<\/strong><\/p>\n<p>&nbsp;<\/p>\n<p style=\"text-align: justify;\">E \u00e9 assim que o comunicador define a sua paix\u00e3o pelo ve\u00edculo. \u201cO r\u00e1dio \u00e9 minha vida. Eu n\u00e3o me imagino fora de uma esta\u00e7\u00e3o de r\u00e1dio. \u00c9 o prazer de poder prestar um servi\u00e7o. \u00c9 saber que aquela not\u00edcia que voc\u00ea est\u00e1 passando, est\u00e1 ajudando algu\u00e9m. Ou a sair de um engarrafamento ou a not\u00edcia de que algu\u00e9m que est\u00e1 precisando de alguma coisa\u201d.<\/p>\n<p style=\"text-align: justify;\">Em tempos de plataformas digitais e de converg\u00eancia midi\u00e1tica, Valter Lima defende com otimismo. \u201cO r\u00e1dio jamais vai morrer\u201d. Diz que costuma falar em suas palestras para estudantes sobre a necessidade de renova\u00e7\u00e3o do ve\u00edculo que escolheu por paix\u00e3o.<\/p>\n<p style=\"text-align: justify;\">\u201cO r\u00e1dio, quando voc\u00ea v\u00ea nele aquele ve\u00edculo que voc\u00ea pode tudo, em termos de transmiss\u00e3o, em termos de comunica\u00e7\u00e3o, faz com que, tanto quem esteja do lado de c\u00e1, apresentando; como quem est\u00e1 do lado de l\u00e1, ouvindo, s\u00e3o dois que se apaixonam. S\u00e3o dois p\u00fablicos distintos que realmente se apaixonam\u201d, analisa o comunicador.<\/p>\n<p>&nbsp;<\/p>\n<p>&nbsp;<\/p>\n<p><strong>Descoberto pela professora<\/strong><\/p>\n<p>&nbsp;<\/p>\n<p style=\"text-align: justify;\">Lima relembra que teve a voz observada quando ainda cantava no coral da escola. Ao ser descoberto pela professora, diz que ficou t\u00e3o envergonhado que nunca mais cantou, mas aprendeu a trabalhar a voz para a sua futura profiss\u00e3o. \u201cAprendi realmente a trabalhar um pouco com a voz e com a voz \u00e9 que fui tocando essa atividade\u201d.<\/p>\n<p style=\"text-align: justify;\">Em toda a sua hist\u00f3ria nas ondas do r\u00e1dio, diz que sempre valorizou a credibilidade e a seriedade. \u201cR\u00e1dio tem que ser feito com muito respeito ao ouvinte que est\u00e1 do outro lado, que confia no seu trabalho. Porque uma coisa \u00e9 voc\u00ea fixar um programa. Outra coisa \u00e9 voc\u00ea segurar esse programa durante 32 anos com credibilidade\u201d.<\/p>\n<p style=\"text-align: justify;\">E n\u00e3o importa a dist\u00e2ncia, seja na cidade ou no campo, para onde quer que Valter Lima continue levando a sua voz e a sua comunica\u00e7\u00e3o, ele revela-se um incans\u00e1vel quando o assunto \u00e9 levar not\u00edcias. \u201cQuando morrer, eu vou ser locutor de Deus. Qualquer coisa, deixa comigo, que eu mando o recado l\u00e1 pra baixo\u201d.<\/p>\n<p style=\"text-align: justify;\"><a href=\"https:\/\/www.youtube.com\/watch?v=NwWhFUZh_i8\">Assista ao v\u00eddeo<\/a> do \u2018Conversa com Roseann Kennedy\u2019 com Valter Lima:<\/p>\n<p><iframe title=\"Valter Lima fala dos 60 anos de hist\u00f3ria e paix\u00e3o pela R\u00e1dio Nacional\" width=\"800\" height=\"450\" src=\"https:\/\/www.youtube.com\/embed\/NwWhFUZh_i8?feature=oembed\" frameborder=\"0\" allow=\"accelerometer; autoplay; clipboard-write; encrypted-media; gyroscope; picture-in-picture; web-share\" allowfullscreen><\/iframe><\/p>\n<p>&nbsp;<\/p>\n<p>FONTE: Portal Comunique-se.<\/p>\n","protected":false},"excerpt":{"rendered":"<p>Apresentador da R\u00e1dio Nacional, emissora que completa 60 anos neste&hellip;<\/p>\n<p> <a class=\"more-link\" href=\"https:\/\/sertsc.org.br\/site\/o-radio-jamais-vai-morrer-entrevista-com-valter-lima\/\">Leia mais<\/a><\/p>\n","protected":false},"author":1,"featured_media":7654,"comment_status":"closed","ping_status":"open","sticky":false,"template":"","format":"standard","meta":{"footnotes":""},"categories":[35],"tags":[],"class_list":{"0":"post-7652","1":"post","2":"type-post","3":"status-publish","4":"format-standard","5":"has-post-thumbnail","7":"category-entrevistas"},"_links":{"self":[{"href":"https:\/\/sertsc.org.br\/site\/wp-json\/wp\/v2\/posts\/7652","targetHints":{"allow":["GET"]}}],"collection":[{"href":"https:\/\/sertsc.org.br\/site\/wp-json\/wp\/v2\/posts"}],"about":[{"href":"https:\/\/sertsc.org.br\/site\/wp-json\/wp\/v2\/types\/post"}],"author":[{"embeddable":true,"href":"https:\/\/sertsc.org.br\/site\/wp-json\/wp\/v2\/users\/1"}],"replies":[{"embeddable":true,"href":"https:\/\/sertsc.org.br\/site\/wp-json\/wp\/v2\/comments?post=7652"}],"version-history":[{"count":0,"href":"https:\/\/sertsc.org.br\/site\/wp-json\/wp\/v2\/posts\/7652\/revisions"}],"wp:featuredmedia":[{"embeddable":true,"href":"https:\/\/sertsc.org.br\/site\/wp-json\/"}],"wp:attachment":[{"href":"https:\/\/sertsc.org.br\/site\/wp-json\/wp\/v2\/media?parent=7652"}],"wp:term":[{"taxonomy":"category","embeddable":true,"href":"https:\/\/sertsc.org.br\/site\/wp-json\/wp\/v2\/categories?post=7652"},{"taxonomy":"post_tag","embeddable":true,"href":"https:\/\/sertsc.org.br\/site\/wp-json\/wp\/v2\/tags?post=7652"}],"curies":[{"name":"wp","href":"https:\/\/api.w.org\/{rel}","templated":true}]}}