{"id":7649,"date":"2018-05-30T09:59:33","date_gmt":"2018-05-30T12:59:33","guid":{"rendered":"http:\/\/www.sertsc.org.br\/site\/?p=7649"},"modified":"2018-05-30T09:59:33","modified_gmt":"2018-05-30T12:59:33","slug":"faixa-de-700-mhz-ja-pode-ser-usada-pelas-teles-em-quatro-capitais","status":"publish","type":"post","link":"https:\/\/sertsc.org.br\/site\/faixa-de-700-mhz-ja-pode-ser-usada-pelas-teles-em-quatro-capitais\/","title":{"rendered":"Faixa de 700 MHz j\u00e1 pode ser usada pelas teles em quatro capitais"},"content":{"rendered":"<p style=\"text-align: justify;\">Ap\u00f3s a limpeza do espectro decorrente do processo de switch-off da TV anal\u00f3gica, as frequ\u00eancias de 700 MHz nas regi\u00f5es metropolitanas de S\u00e3o Paulo, Porto Alegre, Curitiba e Belo Horizonte j\u00e1 est\u00e3o aptas para operar o servi\u00e7o de banda larga m\u00f3vel em 4G. O an\u00fancio, feito pelo presidente da Anatel, Juarez Quadros, ocorreu durante audi\u00eancia publica na Comiss\u00e3o de Ci\u00eancia e Tecnologia da C\u00e2mara dos Deputados, nesta ter\u00e7a-feira, 29.<\/p>\n<p style=\"text-align: justify;\">As cidades s\u00e3o especialmente importantes porque, por serem os maiores centros urbanos do pa\u00eds e terem o espectro bastante congestionado, s\u00e3o as mais suscet\u00edveis a poss\u00edveis problemas de interfer\u00eancia do LTE na recep\u00e7\u00e3o dos sinais de TV. A Empresa Administradora da Digitaliza\u00e7\u00e3o (EAD), que fez o trabalho de distribui\u00e7\u00e3o dos kits de recep\u00e7\u00e3o pela Seja Digital, \u00e9 a respons\u00e1vel pelo trabalho de mitiga\u00e7\u00e3o de interfer\u00eancias, se houver, por meio do seu bra\u00e7o operacional &#8220;TV Perfeita&#8221;, que at\u00e9 aqui praticamente n\u00e3o teve trabalho. O teste de for\u00e7a ser\u00e1 nestas grandes regi\u00f5es metropolitanas.<\/p>\n<p style=\"text-align: justify;\">As capitais passam a ter a frequ\u00eancia liberada ap\u00f3s o desligamento do sinal anal\u00f3gico de TV que vinha ocupando a faixa. &#8220;Com esta libera\u00e7\u00e3o, outros servi\u00e7os, como banda larga m\u00f3vel, poder\u00e3o ser oferecidos \u00e0 popula\u00e7\u00e3o que demanda por Internet de alta velocidade&#8221;, reiterou o dirigente.<\/p>\n<p style=\"text-align: justify;\">O an\u00fancio de Quadros ocorre na v\u00e9spera do desligamento do sinal anal\u00f3gico em 88 munic\u00edpios dos estados do Amazonas, Par\u00e1, Sergipe, Para\u00edba, Alagoas, Rio Grande do Norte e Piau\u00ed, alcan\u00e7ando um total de 11 milh\u00f5es de pessoas.<\/p>\n<p style=\"text-align: justify;\">Quadros tamb\u00e9m revelou que a programa\u00e7\u00e3o prev\u00ea o switch-off no dia 14 de agosto nas capitais Campo Grande, Palmas, Rio Branco, Porto Velho, Boa Vista e Macap\u00e1, a depender do atingimento dos \u00edndices de penetra\u00e7\u00e3o dos equipamentos para recep\u00e7\u00e3o de TV digital. A etapa final de desligamento dever\u00e1 ocorrer entre os meses de novembro e dezembro em munic\u00edpios no interior de S\u00e3o Paulo, Paran\u00e1 e Rio do Grande do Sul.<\/p>\n<p style=\"text-align: justify;\">\n<p style=\"text-align: justify;\">FONTE: Tela Viva.<\/p>\n","protected":false},"excerpt":{"rendered":"<p>Ap\u00f3s a limpeza do espectro decorrente do processo de switch-off&hellip;<\/p>\n<p> <a class=\"more-link\" href=\"https:\/\/sertsc.org.br\/site\/faixa-de-700-mhz-ja-pode-ser-usada-pelas-teles-em-quatro-capitais\/\">Leia mais<\/a><\/p>\n","protected":false},"author":1,"featured_media":7650,"comment_status":"closed","ping_status":"open","sticky":false,"template":"","format":"standard","meta":{"footnotes":""},"categories":[3],"tags":[],"class_list":{"0":"post-7649","1":"post","2":"type-post","3":"status-publish","4":"format-standard","5":"has-post-thumbnail","7":"category-noticias"},"_links":{"self":[{"href":"https:\/\/sertsc.org.br\/site\/wp-json\/wp\/v2\/posts\/7649","targetHints":{"allow":["GET"]}}],"collection":[{"href":"https:\/\/sertsc.org.br\/site\/wp-json\/wp\/v2\/posts"}],"about":[{"href":"https:\/\/sertsc.org.br\/site\/wp-json\/wp\/v2\/types\/post"}],"author":[{"embeddable":true,"href":"https:\/\/sertsc.org.br\/site\/wp-json\/wp\/v2\/users\/1"}],"replies":[{"embeddable":true,"href":"https:\/\/sertsc.org.br\/site\/wp-json\/wp\/v2\/comments?post=7649"}],"version-history":[{"count":0,"href":"https:\/\/sertsc.org.br\/site\/wp-json\/wp\/v2\/posts\/7649\/revisions"}],"wp:featuredmedia":[{"embeddable":true,"href":"https:\/\/sertsc.org.br\/site\/wp-json\/"}],"wp:attachment":[{"href":"https:\/\/sertsc.org.br\/site\/wp-json\/wp\/v2\/media?parent=7649"}],"wp:term":[{"taxonomy":"category","embeddable":true,"href":"https:\/\/sertsc.org.br\/site\/wp-json\/wp\/v2\/categories?post=7649"},{"taxonomy":"post_tag","embeddable":true,"href":"https:\/\/sertsc.org.br\/site\/wp-json\/wp\/v2\/tags?post=7649"}],"curies":[{"name":"wp","href":"https:\/\/api.w.org\/{rel}","templated":true}]}}