{"id":7646,"date":"2018-05-30T09:49:05","date_gmt":"2018-05-30T12:49:05","guid":{"rendered":"http:\/\/www.sertsc.org.br\/site\/?p=7646"},"modified":"2018-05-30T09:49:05","modified_gmt":"2018-05-30T12:49:05","slug":"tv-digital-12-milhoes-de-brasileiros-terao-novo-sinal-partir-de-quinta-feira","status":"publish","type":"post","link":"https:\/\/sertsc.org.br\/site\/tv-digital-12-milhoes-de-brasileiros-terao-novo-sinal-partir-de-quinta-feira\/","title":{"rendered":"TV Digital: 12 milh\u00f5es de brasileiros ter\u00e3o novo sinal a partir de quinta-feira"},"content":{"rendered":"<p style=\"text-align: justify;\">Ap\u00f3s intenso trabalho da Seja Digital, empresa respons\u00e1vel pela digitaliza\u00e7\u00e3o da TV no Brasil, com dezenas de feir\u00f5es digitais e equipes da Patrulha Digital visitando e orientando a popula\u00e7\u00e3o, os moradores de mais de 90 cidades das regi\u00f5es Norte e Nordeste ter\u00e3o o sinal anal\u00f3gico desligado na quarta-feira (30).<\/p>\n<p style=\"text-align: justify;\">Pesquisa Ibope divulgada nesta ter\u00e7a-feira (29) mostrou que, em todas estas cidades, pelo menos 90% dos lares est\u00e3o aptos a receber o sinal digital de TV, percentual exigido pelo governo federal para o desligamento do sinal anal\u00f3gico. Com isso, cerca de 12 milh\u00f5es de brasileiros ter\u00e3o um sinal de TV mais n\u00edtido, sem interfer\u00eancias e com melhor qualidade de \u00e1udio.<\/p>\n<p style=\"text-align: justify;\">Em Jo\u00e3o Pessoa e outros 12 munic\u00edpios da Para\u00edba, 95% dos domic\u00edlios est\u00e3o preparados para o novo sinal. Aracaju e 16 cidades de Sergipe alcan\u00e7aram 93% de resid\u00eancias aptas para o sinal digital.<\/p>\n<p style=\"text-align: justify;\">Em seguida, aparecem Natal (RN), Macei\u00f3 (AM), Teresina (PI) e cidades vizinhas, com 92%. Manaus (AM) e Bel\u00e9m (PA) atingiram 91%.<\/p>\n<p style=\"text-align: justify;\">&#8220;O resultado mostrou que a popula\u00e7\u00e3o dessas cidades entendeu a import\u00e2ncia de digitalizar seus aparelhos de televis\u00e3o. Todos os feir\u00f5es digitais bateram recorde de vendas. Os volunt\u00e1rios da Patrulha Digital percorreram todas as ruas da cidade. Vamos continuar trabalhando para que 100% da popula\u00e7\u00e3o continue tendo em suas casas as informa\u00e7\u00f5es, servi\u00e7os e entretenimento gratuitos que apenas a TV aberta oferece&#8221;, afirma o diretor geral da ABERT, Cristiano Lobato Flores.<\/p>\n<p style=\"text-align: justify;\">Ao comemorar o resultado alcan\u00e7ado, o diretor de projetos especiais da TV Globo, Andr\u00e9 Dias, que ajuda na forma\u00e7\u00e3o das equipes da Patrulha Digital, ressaltou a entrega e o engajamento dos alunos do SENAI e dos comerciantes para que o desligamento do sinal efetivamente ocorresse dentro do cronograma previsto. \u201cO trabalho, em algumas regi\u00f5es, foi mais complexo, j\u00e1 que precis\u00e1vamos atingir a popula\u00e7\u00e3o ribeirinha que fica distante do centro urbano. Em muitas cidades, chegamos de barco, com o apoio da Marinha. Isso foi fant\u00e1stico e todos est\u00e3o de parab\u00e9ns\u201d, afirma Dias.<\/p>\n<p style=\"text-align: justify;\">Com a chegada do sinal digital nestas regi\u00f5es, em todo o pa\u00eds, cerca de 90 milh\u00f5es de brasileiros assistem TV apenas com o sinal digital. At\u00e9 o fim de 2018, o novo sinal estar\u00e1 nas resid\u00eancias de mais de 125 milh\u00f5es de pessoas.<\/p>\n<p>&nbsp;<\/p>\n<p>FONTE: ABERT.<\/p>\n","protected":false},"excerpt":{"rendered":"<p>Ap\u00f3s intenso trabalho da Seja Digital, empresa respons\u00e1vel pela digitaliza\u00e7\u00e3o&hellip;<\/p>\n<p> <a class=\"more-link\" href=\"https:\/\/sertsc.org.br\/site\/tv-digital-12-milhoes-de-brasileiros-terao-novo-sinal-partir-de-quinta-feira\/\">Leia mais<\/a><\/p>\n","protected":false},"author":1,"featured_media":7647,"comment_status":"closed","ping_status":"open","sticky":false,"template":"","format":"standard","meta":{"footnotes":""},"categories":[3],"tags":[],"class_list":{"0":"post-7646","1":"post","2":"type-post","3":"status-publish","4":"format-standard","5":"has-post-thumbnail","7":"category-noticias"},"_links":{"self":[{"href":"https:\/\/sertsc.org.br\/site\/wp-json\/wp\/v2\/posts\/7646","targetHints":{"allow":["GET"]}}],"collection":[{"href":"https:\/\/sertsc.org.br\/site\/wp-json\/wp\/v2\/posts"}],"about":[{"href":"https:\/\/sertsc.org.br\/site\/wp-json\/wp\/v2\/types\/post"}],"author":[{"embeddable":true,"href":"https:\/\/sertsc.org.br\/site\/wp-json\/wp\/v2\/users\/1"}],"replies":[{"embeddable":true,"href":"https:\/\/sertsc.org.br\/site\/wp-json\/wp\/v2\/comments?post=7646"}],"version-history":[{"count":0,"href":"https:\/\/sertsc.org.br\/site\/wp-json\/wp\/v2\/posts\/7646\/revisions"}],"wp:featuredmedia":[{"embeddable":true,"href":"https:\/\/sertsc.org.br\/site\/wp-json\/"}],"wp:attachment":[{"href":"https:\/\/sertsc.org.br\/site\/wp-json\/wp\/v2\/media?parent=7646"}],"wp:term":[{"taxonomy":"category","embeddable":true,"href":"https:\/\/sertsc.org.br\/site\/wp-json\/wp\/v2\/categories?post=7646"},{"taxonomy":"post_tag","embeddable":true,"href":"https:\/\/sertsc.org.br\/site\/wp-json\/wp\/v2\/tags?post=7646"}],"curies":[{"name":"wp","href":"https:\/\/api.w.org\/{rel}","templated":true}]}}