{"id":7643,"date":"2018-05-29T14:06:24","date_gmt":"2018-05-29T17:06:24","guid":{"rendered":"http:\/\/www.sertsc.org.br\/site\/?p=7643"},"modified":"2018-05-29T14:06:24","modified_gmt":"2018-05-29T17:06:24","slug":"diretor-de-radios-da-abert-atualiza-numeros-da-migracao-am-fm-em-todo-o-brasil","status":"publish","type":"post","link":"https:\/\/sertsc.org.br\/site\/diretor-de-radios-da-abert-atualiza-numeros-da-migracao-am-fm-em-todo-o-brasil\/","title":{"rendered":"Diretor de R\u00e1dios da ABERT atualiza n\u00fameros da migra\u00e7\u00e3o AM-FM em todo o Brasil"},"content":{"rendered":"<p style=\"text-align: center;\"><strong>S\u00e3o Paulo \u2013 Dados foram apresentados pelo diretor de R\u00e1dios da ABERT, Andr\u00e9 Cintra, durante evento da AESP<\/strong><\/p>\n<p style=\"text-align: justify;\">\n<p style=\"text-align: justify;\">O <a href=\"https:\/\/tudoradio.com\/\">tudoradio.com<\/a>\u00a0 acompanhou o Semin\u00e1rio Reflexo NAB 2018, que foi realizado pelo Comit\u00ea T\u00e9cnico da Associa\u00e7\u00e3o das Emissoras de R\u00e1dio e TV do Estado de S\u00e3o Paulo (AESP), na sede da FIESP na ter\u00e7a-feira passada (23). Entre os assuntos que foram destacados no semin\u00e1rio, esteve o painel do diretor de R\u00e1dios da ABERT, Andr\u00e9 Cintra, que fez uma atualiza\u00e7\u00e3o da migra\u00e7\u00e3o AM-FM no pa\u00eds. Vale lembrar que o levantamento do &#8220;<a href=\"https:\/\/tudoradio.com\/dials\">Dials FM\/AM tudoradio.com<\/a>&#8221; aponta que <a href=\"https:\/\/tudoradio.com\/conteudo\/ver\/45-o-radio-migracao-das-ams-levantamento-no-fm\">389 migrantes AMs j\u00e1 foram mapeadas operando na faixa FM (saiba mais)<\/a>.<\/p>\n<p style=\"text-align: justify;\">De acordo com a apresenta\u00e7\u00e3o de Cintra, dos 1781 canais de AM existentes no pa\u00eds, 1622 fizeram o pedido de adapta\u00e7\u00e3o de outorga. Destas, 1128 j\u00e1 est\u00e3o com seus canais destinados, enquanto 650 j\u00e1 fizeram a assinatura do aditivo contratual. Segundo Andr\u00e9 Cintra, 962 r\u00e1dios n\u00e3o tiveram suas documenta\u00e7\u00f5es aprovadas para fazer a adapta\u00e7\u00e3o da outorga. De acordo com o levantamento, 150 emissoras est\u00e3o com depend\u00eancias jur\u00eddicas.<\/p>\n<p style=\"text-align: justify;\">Entre 150 e 200 r\u00e1dios est\u00e3o com pend\u00eancias t\u00e9cnicas, ou seja, at\u00e9 conseguiriam migrar para o dial convencional, por\u00e9m, devem alterar aspectos t\u00e9cnicos. Entre 200 e 250 AMs est\u00e3o com pend\u00eancias de canais, esperando a libera\u00e7\u00e3o da faixa estendida.<\/p>\n<p style=\"text-align: justify;\">O levantamento realizado por Andr\u00e9 Cintra mostra ainda que, entre 100 e 150 emissoras poder\u00e3o adaptar suas outorgas sem a necessidade de utiliza\u00e7\u00e3o da faixa estendida, caso atendam algumas especifica\u00e7\u00f5es. Entre elas, est\u00e3o analisar a situa\u00e7\u00e3o de diminui\u00e7\u00e3o de pot\u00eancia, realocar canais de radcom, exclus\u00e3o de canal vago de FM no Plano B\u00e1sico, entre outros aspectos t\u00e9cnicos.<\/p>\n<p style=\"text-align: justify;\">Cerca de 200 a 250 dependem diretamente da libera\u00e7\u00e3o da faixa estendida para fazer a migra\u00e7\u00e3o AM-FM. H\u00e1 um trabalho das associa\u00e7\u00f5es de radiodifus\u00e3o para a agiliza\u00e7\u00e3o da libera\u00e7\u00e3o dos canais 5 e 6 da TV anal\u00f3gica que j\u00e1 foram apagados junto ao Governo Federal. A expectativa \u00e9 que o governo ao menos libere os canais para a realiza\u00e7\u00e3o da canaliza\u00e7\u00e3o das futuras FMs.<\/p>\n<p style=\"text-align: justify;\">\n<p style=\"text-align: justify;\"><strong>Governo libera consulta p\u00fablica sobre FMs<\/strong><\/p>\n<p style=\"text-align: justify;\">Ainda durante o evento da AESP, Andr\u00e9 Cintra ressaltou que o governo federal voltaria a liberar Consultas P\u00fablicas para an\u00e1lise de canais em FM. No dia 23, <a href=\"https:\/\/sistemas.anatel.gov.br\/SACP\/Contribuicoes\/TextoConsulta.asp?CodProcesso=C2114&amp;Tipo=1&amp;Opcao=andamento\">a Anatel publicou a Consulta P\u00fablica n\u00ba 16<\/a>. Ao todo, est\u00e3o sendo analisados 51 canais, espalhados pelos estados da Bahia, Acre, Alagoas, Amazonas, Goi\u00e1s, Maranh\u00e3o, Minas Gerais, Mato Grosso, Para\u00edba, Par\u00e1, Piau\u00ed, Rio Grande do Sul e S\u00e3o Paulo. As sugest\u00f5es devem ser devidamente identificadas e encaminhadas por meio de formul\u00e1rio eletr\u00f4nico do Sistema Interativo de Acompanhamento de Consulta P\u00fablica, dispon\u00edvel no site da Anatel at\u00e9 as 24h do dia 3 de junho.<\/p>\n<p style=\"text-align: justify;\">O diretor de R\u00e1dio da ABERT falou tamb\u00e9m que os novos crit\u00e9rios do Minist\u00e9rio da Ci\u00eancia, Tecnologia, Inova\u00e7\u00f5es e Comunica\u00e7\u00f5es (MCTIC) que permitem a exclus\u00e3o dos canais vagos e o remanejamento das esta\u00e7\u00f5es de r\u00e1dios comunit\u00e1rias tornem o processo de migra\u00e7\u00e3o mais efetivo e \u00e1gil. \u201cCom essas facilidades adotadas agora no MCTIC, a viabilidade de canais FM na faixa atual ser\u00e1 maior, possibilitando que muitas r\u00e1dios migrem sem a necessidade de esperar a faixa estendida de FM. Isso \u00e9 muito importante, j\u00e1 que existem muitas emissoras aptas para migrar, dependendo apenas do canal de FM,\u201d afirma Cintra.<\/p>\n<p style=\"text-align: justify;\">\n<p style=\"text-align: justify;\">FONTE: Tudo R\u00e1dio.<\/p>\n","protected":false},"excerpt":{"rendered":"<p>S\u00e3o Paulo \u2013 Dados foram apresentados pelo diretor de R\u00e1dios&hellip;<\/p>\n<p> <a class=\"more-link\" href=\"https:\/\/sertsc.org.br\/site\/diretor-de-radios-da-abert-atualiza-numeros-da-migracao-am-fm-em-todo-o-brasil\/\">Leia mais<\/a><\/p>\n","protected":false},"author":1,"featured_media":7644,"comment_status":"closed","ping_status":"open","sticky":false,"template":"","format":"standard","meta":{"footnotes":""},"categories":[3],"tags":[],"class_list":{"0":"post-7643","1":"post","2":"type-post","3":"status-publish","4":"format-standard","5":"has-post-thumbnail","7":"category-noticias"},"_links":{"self":[{"href":"https:\/\/sertsc.org.br\/site\/wp-json\/wp\/v2\/posts\/7643","targetHints":{"allow":["GET"]}}],"collection":[{"href":"https:\/\/sertsc.org.br\/site\/wp-json\/wp\/v2\/posts"}],"about":[{"href":"https:\/\/sertsc.org.br\/site\/wp-json\/wp\/v2\/types\/post"}],"author":[{"embeddable":true,"href":"https:\/\/sertsc.org.br\/site\/wp-json\/wp\/v2\/users\/1"}],"replies":[{"embeddable":true,"href":"https:\/\/sertsc.org.br\/site\/wp-json\/wp\/v2\/comments?post=7643"}],"version-history":[{"count":0,"href":"https:\/\/sertsc.org.br\/site\/wp-json\/wp\/v2\/posts\/7643\/revisions"}],"wp:featuredmedia":[{"embeddable":true,"href":"https:\/\/sertsc.org.br\/site\/wp-json\/"}],"wp:attachment":[{"href":"https:\/\/sertsc.org.br\/site\/wp-json\/wp\/v2\/media?parent=7643"}],"wp:term":[{"taxonomy":"category","embeddable":true,"href":"https:\/\/sertsc.org.br\/site\/wp-json\/wp\/v2\/categories?post=7643"},{"taxonomy":"post_tag","embeddable":true,"href":"https:\/\/sertsc.org.br\/site\/wp-json\/wp\/v2\/tags?post=7643"}],"curies":[{"name":"wp","href":"https:\/\/api.w.org\/{rel}","templated":true}]}}