{"id":7639,"date":"2018-05-29T11:37:15","date_gmt":"2018-05-29T14:37:15","guid":{"rendered":"http:\/\/www.sertsc.org.br\/site\/?p=7639"},"modified":"2018-05-29T11:37:15","modified_gmt":"2018-05-29T14:37:15","slug":"acaert-adia-17o-congresso-catarinense-de-radio-e-televisao","status":"publish","type":"post","link":"https:\/\/sertsc.org.br\/site\/acaert-adia-17o-congresso-catarinense-de-radio-e-televisao\/","title":{"rendered":"ACAERT divulga nova data para Congresso Catarinense de R\u00e1dio e Televis\u00e3o"},"content":{"rendered":"<p style=\"text-align: justify;\">\n<p style=\"text-align: justify;\">A Associa\u00e7\u00e3o Catarinense de Emissoras de R\u00e1dio e Televis\u00e3o \u2013 ACAERT divulgou a nova data do\u00a0<b>17\u00ba CONGRESSO CATARINENSE DE R\u00c1DIO E TELEVIS\u00c3O<\/b>\u00a0e do\u00a0<b>10\u00ba PR\u00caMIO ACAERT DE R\u00c1DIO E TV<\/b>. O evento segue no Hotel Infinity Blue, em Balne\u00e1rio Cambori\u00fa, e foi transferido para os dias\u00a0<b>2, 3 E 4 DE JULHO DE 2018<\/b>.<\/p>\n<p style=\"text-align: justify;\">A programa\u00e7\u00e3o do evento est\u00e1 mantida, com as Plen\u00e1rias e os Workshops inalterados. \u00a0O presidente do Congresso, Paulo Evel\u00e1sio Vieira, destaca que \u201cas inscri\u00e7\u00f5es j\u00e1 realizadas ser\u00e3o automaticamente transferidas para a nova data do evento, sem qualquer preju\u00edzo para o congressista\u201d.<\/p>\n<p style=\"text-align: justify;\">O presidente do Pr\u00eamio, Carlos Amaral, lembra que o evento vai acontecer ao mesmo tempo da Copa do Mundo e que o clima vai deixar o an\u00fancio dos vencedores ainda mais empolgante. \u201cO tema do Pr\u00eamio este ano faz associa\u00e7\u00e3o com o camisa 10 e tem uma rela\u00e7\u00e3o direta com dos craques da bola com os craques da comunica\u00e7\u00e3o de Santa Catarina\u201d.<\/p>\n<p style=\"text-align: justify;\">O Congresso ACAERT estava inicialmente previsto para o m\u00eas de junho, mas foi adiado em fun\u00e7\u00e3o das consequ\u00eancias provocadas pela greve dos caminhoneiros. O presidente da ACAERT, Marcello Corr\u00eaa Petrelli, esclarece: \u201cTomamos essa decis\u00e3o prezando pelo respeito e bem-estar de todos e para garantir tamb\u00e9m a qualidade dos eventos que s\u00e3o uma marca registrada da ACAERT\u201d.<\/p>\n<p style=\"text-align: justify;\">A entidade esclarece que quem n\u00e3o tiver disponibilidade na nova data deve informar a ACAERT atrav\u00e9s do canal:\u00a0<a href=\"mailto:congresso@acaert.com.br\">congresso@acaert.com.br<\/a>\u00a0\u00a0para permitir o ressarcimento do valor.<\/p>\n<p style=\"text-align: justify;\">Novas Datas<\/p>\n<p style=\"text-align: justify;\">Dia 02\/07 \u2013 Abertura<\/p>\n<p style=\"text-align: justify;\">Dia 03\/07 \u2013 Plen\u00e1rias, Workshop e Pr\u00eamio ACAERT<\/p>\n<p style=\"text-align: justify;\">Dia 04\/07 \u2013 Plen\u00e1rias, Workshops e Encerramento<\/p>\n<p style=\"text-align: justify;\">Congresso \u2013 \u201cEssenciais acima de tudo\u201d \u00e9 o tema do Congresso ACAERT que contar\u00e1 com palestras, pain\u00e9is e workshop. Entre os assuntos, \u201cComercial e Marketing\u201d, \u201cPrograma\u00e7\u00e3o de Radiojornalismo\/ fake news\u201d, Marketing Digital\/ Redes Sociais\u201d, \u201cPrograma\u00e7\u00e3o R\u00e1dio Popular\u201d, \u201cPrograma\u00e7\u00e3o Jovem\u201d. Ainda na programa\u00e7\u00e3o, palestra sobre \u201cUm novo olhar sobre a audi\u00eancia de R\u00e1dio: an\u00e1lise de consumo e perfil do ouvinte\u201d. Outra atra\u00e7\u00e3o ser\u00e1 a Feira de Servi\u00e7os e Produtos da Radiodifus\u00e3o.<\/p>\n<p style=\"text-align: justify;\">Pr\u00eamio \u2013 A 10\u00aa edi\u00e7\u00e3o do Pr\u00eamio ACAERT de R\u00e1dio e Televis\u00e3o vai premiar 18 trabalhos em quatro categorias: Profissionais de R\u00e1dio, Profissionais de Televis\u00e3o, Ag\u00eancias de Propaganda e Acad\u00eamicos. O material dos concorrentes foi analisado por dois j\u00faris: o primeiro escolheu os cinco finalistas em cada modalidade e o segundo elegeu os vencedores, que ser\u00e3o conhecidos na cerim\u00f4nia de premia\u00e7\u00e3o no dia 03\/07, uma ter\u00e7a-feira.<\/p>\n<p style=\"text-align: justify;\">Veja abaixo o comunicado oficial:<\/p>\n<p style=\"text-align: justify;\">\n<p style=\"text-align: justify;\"><a href=\"http:\/\/www.sertsc.org.br\/site\/acaert-adia-17o-congresso-catarinense-de-radio-e-televisao\/site-comunicado-nova-data-1\/\" rel=\"attachment wp-att-7666\"><img fetchpriority=\"high\" decoding=\"async\" class=\"aligncenter size-full wp-image-7666\" src=\"http:\/\/www.sertsc.org.br\/site\/wp-content\/uploads\/2018\/05\/SITE-COMUNICADO-NOVA-DATA-1.jpg\" alt=\"SITE- COMUNICADO NOVA DATA-1\" width=\"680\" height=\"1021\" \/><\/a><\/p>\n<p>&nbsp;<\/p>\n<p>FONTE: ACAERT.<\/p>\n","protected":false},"excerpt":{"rendered":"<p>A Associa\u00e7\u00e3o Catarinense de Emissoras de R\u00e1dio e Televis\u00e3o \u2013&hellip;<\/p>\n<p> <a class=\"more-link\" href=\"https:\/\/sertsc.org.br\/site\/acaert-adia-17o-congresso-catarinense-de-radio-e-televisao\/\">Leia mais<\/a><\/p>\n","protected":false},"author":1,"featured_media":7424,"comment_status":"closed","ping_status":"open","sticky":false,"template":"","format":"standard","meta":{"footnotes":""},"categories":[3],"tags":[],"class_list":{"0":"post-7639","1":"post","2":"type-post","3":"status-publish","4":"format-standard","5":"has-post-thumbnail","7":"category-noticias"},"_links":{"self":[{"href":"https:\/\/sertsc.org.br\/site\/wp-json\/wp\/v2\/posts\/7639","targetHints":{"allow":["GET"]}}],"collection":[{"href":"https:\/\/sertsc.org.br\/site\/wp-json\/wp\/v2\/posts"}],"about":[{"href":"https:\/\/sertsc.org.br\/site\/wp-json\/wp\/v2\/types\/post"}],"author":[{"embeddable":true,"href":"https:\/\/sertsc.org.br\/site\/wp-json\/wp\/v2\/users\/1"}],"replies":[{"embeddable":true,"href":"https:\/\/sertsc.org.br\/site\/wp-json\/wp\/v2\/comments?post=7639"}],"version-history":[{"count":0,"href":"https:\/\/sertsc.org.br\/site\/wp-json\/wp\/v2\/posts\/7639\/revisions"}],"wp:featuredmedia":[{"embeddable":true,"href":"https:\/\/sertsc.org.br\/site\/wp-json\/"}],"wp:attachment":[{"href":"https:\/\/sertsc.org.br\/site\/wp-json\/wp\/v2\/media?parent=7639"}],"wp:term":[{"taxonomy":"category","embeddable":true,"href":"https:\/\/sertsc.org.br\/site\/wp-json\/wp\/v2\/categories?post=7639"},{"taxonomy":"post_tag","embeddable":true,"href":"https:\/\/sertsc.org.br\/site\/wp-json\/wp\/v2\/tags?post=7639"}],"curies":[{"name":"wp","href":"https:\/\/api.w.org\/{rel}","templated":true}]}}