{"id":7631,"date":"2018-05-29T10:47:49","date_gmt":"2018-05-29T13:47:49","guid":{"rendered":"http:\/\/www.sertsc.org.br\/site\/?p=7631"},"modified":"2018-05-29T10:47:49","modified_gmt":"2018-05-29T13:47:49","slug":"metade-da-populacao-jovem-americana-nao-tem-um-aparelho-de-radio-amfm-em-casa","status":"publish","type":"post","link":"https:\/\/sertsc.org.br\/site\/metade-da-populacao-jovem-americana-nao-tem-um-aparelho-de-radio-amfm-em-casa\/","title":{"rendered":"Metade da popula\u00e7\u00e3o jovem americana n\u00e3o tem um aparelho de r\u00e1dio AM\/FM em casa"},"content":{"rendered":"<p style=\"text-align: justify;\"><span style=\"font-family: 'Georgia','serif'; color: #333333;\">O r\u00e1dio, que um dia foi um aparelho dedicado, est\u00e1 cada vez mais rapidamente se consolidando como apenas mais<br \/>\num recurso embarcado em algum outro aparelho mais completo e sofisticado.<\/span><\/p>\n<p style=\"font-variant-ligatures: normal; font-variant-caps: normal; orphans: 2; widows: 2; -webkit-text-stroke-width: 0px; text-decoration-style: initial; text-decoration-color: initial; word-spacing: 0px; text-align: justify;\"><span style=\"font-family: 'Georgia','serif'; color: #333333;\"><br \/>\nA pesquisa Infinite Dial 2018 mostrou que o n\u00famero m\u00e9dio de aparelhos de r\u00e1dio nos domic\u00edlios americanos caiu<br \/>\nde 2,9 para 1,6 nos \u00faltimos 10 anos. Dentre os entrevistados mais jovens, 18-24 anos, a m\u00e9dia de aparelhos em<br \/>\ncasa \u00e9 menor e caiu, no mesmo per\u00edodo, de 2,7 para 1 agora em 2018.<\/span><\/p>\n<p style=\"font-variant-ligatures: normal; font-variant-caps: normal; orphans: 2; widows: 2; -webkit-text-stroke-width: 0px; text-decoration-style: initial; text-decoration-color: initial; word-spacing: 0px; text-align: justify;\"><span style=\"font-family: 'Georgia','serif'; color: #333333;\"><br \/>\nEntretanto, o que chama mais a aten\u00e7\u00e3o \u00e9 o fato de que metade dos jovens 18-24 anos n\u00e3o possui nenhum<br \/>\nreceptor em casa.<\/span><\/p>\n<p style=\"font-variant-ligatures: normal; font-variant-caps: normal; orphans: 2; widows: 2; -webkit-text-stroke-width: 0px; text-decoration-style: initial; text-decoration-color: initial; word-spacing: 0px; text-align: justify;\">\n<p style=\"font-variant-ligatures: normal; font-variant-caps: normal; orphans: 2; widows: 2; -webkit-text-stroke-width: 0px; text-decoration-style: initial; text-decoration-color: initial; word-spacing: 0px; text-align: justify;\"><a href=\"http:\/\/www.sertsc.org.br\/site\/metade-da-populacao-jovem-americana-nao-tem-um-aparelho-de-radio-amfm-em-casa\/pesquisa-imagem-1\/\" rel=\"attachment wp-att-7632\"><img fetchpriority=\"high\" decoding=\"async\" class=\"aligncenter size-full wp-image-7632\" src=\"http:\/\/www.sertsc.org.br\/site\/wp-content\/uploads\/2018\/05\/PESQUISA-IMAGEM-1.png\" alt=\"PESQUISA IMAGEM 1\" width=\"690\" height=\"367\" \/><\/a><\/p>\n<p style=\"font-variant-ligatures: normal; font-variant-caps: normal; orphans: 2; widows: 2; -webkit-text-stroke-width: 0px; text-decoration-style: initial; text-decoration-color: initial; word-spacing: 0px; text-align: justify;\">\n<p style=\"font-variant-ligatures: normal; font-variant-caps: normal; orphans: 2; widows: 2; -webkit-text-stroke-width: 0px; text-decoration-style: initial; text-decoration-color: initial; word-spacing: 0px; text-align: justify;\">\n<p style=\"font-variant-ligatures: normal; font-variant-caps: normal; orphans: 2; widows: 2; -webkit-text-stroke-width: 0px; text-decoration-style: initial; text-decoration-color: initial; word-spacing: 0px; text-align: justify;\"><a href=\"http:\/\/www.sertsc.org.br\/site\/metade-da-populacao-jovem-americana-nao-tem-um-aparelho-de-radio-amfm-em-casa\/pesquisa-imagem-2\/\" rel=\"attachment wp-att-7633\"><img decoding=\"async\" class=\"aligncenter size-large wp-image-7633\" src=\"http:\/\/www.sertsc.org.br\/site\/wp-content\/uploads\/2018\/05\/PESQUISA-IMAGEM-2.png\" alt=\"PESQUISA IMAGEM 2\" width=\"708\" height=\"377\" \/><\/a><\/p>\n<p style=\"font-variant-ligatures: normal; font-variant-caps: normal; orphans: 2; widows: 2; -webkit-text-stroke-width: 0px; text-decoration-style: initial; text-decoration-color: initial; word-spacing: 0px; text-align: justify;\">\n<p style=\"font-variant-ligatures: normal; font-variant-caps: normal; orphans: 2; widows: 2; -webkit-text-stroke-width: 0px; text-decoration-style: initial; text-decoration-color: initial; word-spacing: 0px; text-align: justify;\">FONTE: Infinite Dial 2018 \/ Edison Research \/ Triton Digital.<\/p>\n","protected":false},"excerpt":{"rendered":"<p>O r\u00e1dio, que um dia foi um aparelho dedicado, est\u00e1&hellip;<\/p>\n<p> <a class=\"more-link\" href=\"https:\/\/sertsc.org.br\/site\/metade-da-populacao-jovem-americana-nao-tem-um-aparelho-de-radio-amfm-em-casa\/\">Leia mais<\/a><\/p>\n","protected":false},"author":1,"featured_media":7634,"comment_status":"closed","ping_status":"open","sticky":false,"template":"","format":"standard","meta":{"footnotes":""},"categories":[3],"tags":[],"class_list":{"0":"post-7631","1":"post","2":"type-post","3":"status-publish","4":"format-standard","5":"has-post-thumbnail","7":"category-noticias"},"_links":{"self":[{"href":"https:\/\/sertsc.org.br\/site\/wp-json\/wp\/v2\/posts\/7631","targetHints":{"allow":["GET"]}}],"collection":[{"href":"https:\/\/sertsc.org.br\/site\/wp-json\/wp\/v2\/posts"}],"about":[{"href":"https:\/\/sertsc.org.br\/site\/wp-json\/wp\/v2\/types\/post"}],"author":[{"embeddable":true,"href":"https:\/\/sertsc.org.br\/site\/wp-json\/wp\/v2\/users\/1"}],"replies":[{"embeddable":true,"href":"https:\/\/sertsc.org.br\/site\/wp-json\/wp\/v2\/comments?post=7631"}],"version-history":[{"count":0,"href":"https:\/\/sertsc.org.br\/site\/wp-json\/wp\/v2\/posts\/7631\/revisions"}],"wp:featuredmedia":[{"embeddable":true,"href":"https:\/\/sertsc.org.br\/site\/wp-json\/"}],"wp:attachment":[{"href":"https:\/\/sertsc.org.br\/site\/wp-json\/wp\/v2\/media?parent=7631"}],"wp:term":[{"taxonomy":"category","embeddable":true,"href":"https:\/\/sertsc.org.br\/site\/wp-json\/wp\/v2\/categories?post=7631"},{"taxonomy":"post_tag","embeddable":true,"href":"https:\/\/sertsc.org.br\/site\/wp-json\/wp\/v2\/tags?post=7631"}],"curies":[{"name":"wp","href":"https:\/\/api.w.org\/{rel}","templated":true}]}}