{"id":7625,"date":"2018-05-29T10:34:29","date_gmt":"2018-05-29T13:34:29","guid":{"rendered":"http:\/\/www.sertsc.org.br\/site\/?p=7625"},"modified":"2018-05-29T10:34:29","modified_gmt":"2018-05-29T13:34:29","slug":"agert-lanca-video-de-conscientizacao-sobre-fake-news","status":"publish","type":"post","link":"https:\/\/sertsc.org.br\/site\/agert-lanca-video-de-conscientizacao-sobre-fake-news\/","title":{"rendered":"Agert lan\u00e7a v\u00eddeo de conscientiza\u00e7\u00e3o sobre fake news"},"content":{"rendered":"<p style=\"text-align: center;\"><strong>Material faz parte de campanha que j\u00e1 est\u00e1 no ar em \u00e1udio<\/strong><\/p>\n<p style=\"text-align: justify;\">A Associa\u00e7\u00e3o Ga\u00facha de Emissoras de R\u00e1dio e Televis\u00e3o (Agert), lan\u00e7ou hoje, 28, conte\u00fado em v\u00eddeo da sua campanha de conscientiza\u00e7\u00e3o sobre fake news. J\u00e1 dispon\u00edvel em \u00e1udio, o objetivo da a\u00e7\u00e3o \u00e9 chamar a aten\u00e7\u00e3o do p\u00fablico ga\u00facho para a dissemina\u00e7\u00e3o de informa\u00e7\u00f5es falsas na internet.<\/p>\n<p style=\"text-align: justify;\">Ao <a href=\"http:\/\/coletiva.net\/\">Coletiva.net<\/a>, o presidente da Agert, Roberto Cervo Mel\u00e3o, destacou a import\u00e2ncia da campanha. &#8220;Vivemos momentos preocupantes, a informa\u00e7\u00e3o tem sido utilizada como forma de manipula\u00e7\u00e3o da opini\u00e3o p\u00fablica. Como lideran\u00e7a no cen\u00e1rio da comunica\u00e7\u00e3o, estamos preocupados com essa situa\u00e7\u00e3o e \u00e9 nosso papel conscientizar o p\u00fablico&#8221;, afirmou.<\/p>\n<p>&nbsp;<\/p>\n<p><iframe title=\"Campanha do Fake News - AGERT\" width=\"800\" height=\"450\" src=\"https:\/\/www.youtube.com\/embed\/RrggjMfsJsE?feature=oembed\" frameborder=\"0\" allow=\"accelerometer; autoplay; clipboard-write; encrypted-media; gyroscope; picture-in-picture; web-share\" allowfullscreen><\/iframe><\/p>\n<p>&nbsp;<\/p>\n<p>FONTE: Coletiva.net<\/p>\n","protected":false},"excerpt":{"rendered":"<p>Material faz parte de campanha que j\u00e1 est\u00e1 no ar&hellip;<\/p>\n<p> <a class=\"more-link\" href=\"https:\/\/sertsc.org.br\/site\/agert-lanca-video-de-conscientizacao-sobre-fake-news\/\">Leia mais<\/a><\/p>\n","protected":false},"author":1,"featured_media":7628,"comment_status":"closed","ping_status":"open","sticky":false,"template":"","format":"standard","meta":{"footnotes":""},"categories":[3],"tags":[],"class_list":{"0":"post-7625","1":"post","2":"type-post","3":"status-publish","4":"format-standard","5":"has-post-thumbnail","7":"category-noticias"},"_links":{"self":[{"href":"https:\/\/sertsc.org.br\/site\/wp-json\/wp\/v2\/posts\/7625","targetHints":{"allow":["GET"]}}],"collection":[{"href":"https:\/\/sertsc.org.br\/site\/wp-json\/wp\/v2\/posts"}],"about":[{"href":"https:\/\/sertsc.org.br\/site\/wp-json\/wp\/v2\/types\/post"}],"author":[{"embeddable":true,"href":"https:\/\/sertsc.org.br\/site\/wp-json\/wp\/v2\/users\/1"}],"replies":[{"embeddable":true,"href":"https:\/\/sertsc.org.br\/site\/wp-json\/wp\/v2\/comments?post=7625"}],"version-history":[{"count":0,"href":"https:\/\/sertsc.org.br\/site\/wp-json\/wp\/v2\/posts\/7625\/revisions"}],"wp:featuredmedia":[{"embeddable":true,"href":"https:\/\/sertsc.org.br\/site\/wp-json\/"}],"wp:attachment":[{"href":"https:\/\/sertsc.org.br\/site\/wp-json\/wp\/v2\/media?parent=7625"}],"wp:term":[{"taxonomy":"category","embeddable":true,"href":"https:\/\/sertsc.org.br\/site\/wp-json\/wp\/v2\/categories?post=7625"},{"taxonomy":"post_tag","embeddable":true,"href":"https:\/\/sertsc.org.br\/site\/wp-json\/wp\/v2\/tags?post=7625"}],"curies":[{"name":"wp","href":"https:\/\/api.w.org\/{rel}","templated":true}]}}