{"id":7597,"date":"2018-05-24T10:34:32","date_gmt":"2018-05-24T13:34:32","guid":{"rendered":"http:\/\/www.sertsc.org.br\/site\/?p=7597"},"modified":"2018-05-24T10:34:32","modified_gmt":"2018-05-24T13:34:32","slug":"desligamento-do-sinal-analogico-de-tv-pode-ter-adiamento-em-algumas-cidades","status":"publish","type":"post","link":"https:\/\/sertsc.org.br\/site\/desligamento-do-sinal-analogico-de-tv-pode-ter-adiamento-em-algumas-cidades\/","title":{"rendered":"Desligamento do sinal anal\u00f3gico de TV pode ter adiamento em algumas cidades"},"content":{"rendered":"<p style=\"text-align: justify;\">\nAs cidades que n\u00e3o estiverem aptas para o switch-off da tv anal\u00f3gica nas v\u00e9speras do dia 30 de maio, s\u00f3 ter\u00e3o o desligamento ap\u00f3s a Copa do Mundo de Futebol. A informa\u00e7\u00e3o \u00e9 do presidente da Anatel, Juarez Quadros, que participou do Painel Telebrasil 2018, nesta quarta-feira (23). Ele tamb\u00e9m informou que nas cidades onde h\u00e1 previs\u00e3o de desligamento no dia 14 de agosto, a perspectiva \u00e9 de que o desligamento ocorra somente ap\u00f3s as elei\u00e7\u00f5es, no caso de inaptid\u00e3o at\u00e9 a v\u00e9spera da data.<\/p>\n<p style=\"text-align: justify;\">\n<p style=\"text-align: justify;\">No grupo de cidades previstas para o desligamento do sinal anal\u00f3gico no dia 30 de maio est\u00e3o: Bel\u00e9m (PA), Manaus (AM), Teresina (PI), Jo\u00e3o Pessoa (PB), Macei\u00f3 (AL) e Aracaj\u00fa (SE). Entre as cidades previstas para o desligamento no dia 14 de agosto est\u00e3o: Rio Branco (AC), Macap\u00e1 (AP), Palmas (TO), Campo Grande (MS), Cuiab\u00e1 (MT) e Porto Velho (RO). Para terem o sinal anal\u00f3gico desligado, as cidades precisam ter cobertura digital em 90% dos lares.<\/p>\n<p style=\"text-align: justify;\">FONTE: Telaviva.<\/p>\n","protected":false},"excerpt":{"rendered":"<p>As cidades que n\u00e3o estiverem aptas para o switch-off da&hellip;<\/p>\n<p> <a class=\"more-link\" href=\"https:\/\/sertsc.org.br\/site\/desligamento-do-sinal-analogico-de-tv-pode-ter-adiamento-em-algumas-cidades\/\">Leia mais<\/a><\/p>\n","protected":false},"author":1,"featured_media":7598,"comment_status":"closed","ping_status":"open","sticky":false,"template":"","format":"standard","meta":{"footnotes":""},"categories":[3],"tags":[],"class_list":{"0":"post-7597","1":"post","2":"type-post","3":"status-publish","4":"format-standard","5":"has-post-thumbnail","7":"category-noticias"},"_links":{"self":[{"href":"https:\/\/sertsc.org.br\/site\/wp-json\/wp\/v2\/posts\/7597","targetHints":{"allow":["GET"]}}],"collection":[{"href":"https:\/\/sertsc.org.br\/site\/wp-json\/wp\/v2\/posts"}],"about":[{"href":"https:\/\/sertsc.org.br\/site\/wp-json\/wp\/v2\/types\/post"}],"author":[{"embeddable":true,"href":"https:\/\/sertsc.org.br\/site\/wp-json\/wp\/v2\/users\/1"}],"replies":[{"embeddable":true,"href":"https:\/\/sertsc.org.br\/site\/wp-json\/wp\/v2\/comments?post=7597"}],"version-history":[{"count":0,"href":"https:\/\/sertsc.org.br\/site\/wp-json\/wp\/v2\/posts\/7597\/revisions"}],"wp:featuredmedia":[{"embeddable":true,"href":"https:\/\/sertsc.org.br\/site\/wp-json\/"}],"wp:attachment":[{"href":"https:\/\/sertsc.org.br\/site\/wp-json\/wp\/v2\/media?parent=7597"}],"wp:term":[{"taxonomy":"category","embeddable":true,"href":"https:\/\/sertsc.org.br\/site\/wp-json\/wp\/v2\/categories?post=7597"},{"taxonomy":"post_tag","embeddable":true,"href":"https:\/\/sertsc.org.br\/site\/wp-json\/wp\/v2\/tags?post=7597"}],"curies":[{"name":"wp","href":"https:\/\/api.w.org\/{rel}","templated":true}]}}