{"id":7593,"date":"2018-05-24T09:31:05","date_gmt":"2018-05-24T12:31:05","guid":{"rendered":"http:\/\/www.sertsc.org.br\/site\/?p=7593"},"modified":"2018-05-24T09:31:05","modified_gmt":"2018-05-24T12:31:05","slug":"jornais-se-unem-em-campanha-de-valorizacao-do-meio-em-sc","status":"publish","type":"post","link":"https:\/\/sertsc.org.br\/site\/jornais-se-unem-em-campanha-de-valorizacao-do-meio-em-sc\/","title":{"rendered":"Jornais se unem em campanha de valoriza\u00e7\u00e3o do meio em SC"},"content":{"rendered":"<p style=\"text-align: justify;\">\u00a0 \u00a0Os principais Jornais catarinenses est\u00e3o lan\u00e7ando uma campanha publicit\u00e1ria visando \u00e0 valoriza\u00e7\u00e3o do meio. A iniciativa \u00e9 da Associa\u00e7\u00e3o de Di\u00e1rios do Interior (ADI), Associa\u00e7\u00e3o dos Jornais do Interior (Adjori\/SC), NSC Comunica\u00e7\u00e3o e Grupo RIC. Com o conceito \u201cQuem l\u00ea jornal l\u00ea verdade&#8221;, a campanha criada pela agencia MDO apresentam argumentos que reafirmam a credibilidade do meio em combate \u00e0s mensagens falsas (ou fake news), assunto bastante criticado e comentado em todo o mundo no momento.<\/p>\n<p style=\"text-align: justify;\">\u00a0 \u00a0Voltada aos leitores, anunciantes, ag\u00eancias de publicidade e p\u00fablico em geral, a campanha relembra que os jornais est\u00e3o presentes em v\u00e1rias plataformas, e n\u00e3o apenas no formato impresso.<\/p>\n<p style=\"text-align: justify;\">\u00a0 \u00a0As pe\u00e7as publicit\u00e1rias refor\u00e7am a credibilidade das not\u00edcias publicadas em jornal, avalizadas por profissionais que t\u00eam compromisso com a verdade e a \u00e9tica, por meio de um jornalismo respons\u00e1vel. A campanha conta com diversos an\u00fancios de jornal digital, spot de r\u00e1dio e comercial de TV. O lan\u00e7amento da campanha ocorre hoje na sede da FIESC em Florian\u00f3polis.<\/p>\n<p style=\"text-align: justify;\">\n<p style=\"text-align: justify;\">FONTE: Di\u00e1rio Catarinense.<\/p>\n","protected":false},"excerpt":{"rendered":"<p>\u00a0 \u00a0Os principais Jornais catarinenses est\u00e3o lan\u00e7ando uma campanha publicit\u00e1ria&hellip;<\/p>\n<p> <a class=\"more-link\" href=\"https:\/\/sertsc.org.br\/site\/jornais-se-unem-em-campanha-de-valorizacao-do-meio-em-sc\/\">Leia mais<\/a><\/p>\n","protected":false},"author":1,"featured_media":7594,"comment_status":"closed","ping_status":"open","sticky":false,"template":"","format":"standard","meta":{"footnotes":""},"categories":[3],"tags":[],"class_list":{"0":"post-7593","1":"post","2":"type-post","3":"status-publish","4":"format-standard","5":"has-post-thumbnail","7":"category-noticias"},"_links":{"self":[{"href":"https:\/\/sertsc.org.br\/site\/wp-json\/wp\/v2\/posts\/7593","targetHints":{"allow":["GET"]}}],"collection":[{"href":"https:\/\/sertsc.org.br\/site\/wp-json\/wp\/v2\/posts"}],"about":[{"href":"https:\/\/sertsc.org.br\/site\/wp-json\/wp\/v2\/types\/post"}],"author":[{"embeddable":true,"href":"https:\/\/sertsc.org.br\/site\/wp-json\/wp\/v2\/users\/1"}],"replies":[{"embeddable":true,"href":"https:\/\/sertsc.org.br\/site\/wp-json\/wp\/v2\/comments?post=7593"}],"version-history":[{"count":0,"href":"https:\/\/sertsc.org.br\/site\/wp-json\/wp\/v2\/posts\/7593\/revisions"}],"wp:featuredmedia":[{"embeddable":true,"href":"https:\/\/sertsc.org.br\/site\/wp-json\/"}],"wp:attachment":[{"href":"https:\/\/sertsc.org.br\/site\/wp-json\/wp\/v2\/media?parent=7593"}],"wp:term":[{"taxonomy":"category","embeddable":true,"href":"https:\/\/sertsc.org.br\/site\/wp-json\/wp\/v2\/categories?post=7593"},{"taxonomy":"post_tag","embeddable":true,"href":"https:\/\/sertsc.org.br\/site\/wp-json\/wp\/v2\/tags?post=7593"}],"curies":[{"name":"wp","href":"https:\/\/api.w.org\/{rel}","templated":true}]}}