{"id":7585,"date":"2018-05-23T11:36:48","date_gmt":"2018-05-23T14:36:48","guid":{"rendered":"http:\/\/www.sertsc.org.br\/site\/?p=7585"},"modified":"2018-05-23T11:36:48","modified_gmt":"2018-05-23T14:36:48","slug":"sertsc-prestara-assessoria-juridica-no-17o-congresso-de-radio-e-televisao","status":"publish","type":"post","link":"https:\/\/sertsc.org.br\/site\/sertsc-prestara-assessoria-juridica-no-17o-congresso-de-radio-e-televisao\/","title":{"rendered":"SERT\/SC prestar\u00e1 assessoria jur\u00eddica no 17\u00ba Congresso de R\u00e1dio e Televis\u00e3o"},"content":{"rendered":"<p style=\"text-align: justify;\">Uma comitiva do<strong> Sindicato das Empresas de R\u00e1dio e Televis\u00e3o do Estado de Santa Catarina \u2013 SERT\/SC<\/strong> criada especialmente para o <strong>17\u00ba Congresso de R\u00e1dio e Televis\u00e3o<\/strong> estar\u00e1 presente nos dias 4, 5 e 6 em Balne\u00e1rio Cambori\u00fa, para atender todos os radiofusores durante o evento realizado pela <strong>ACAERT<\/strong>.<\/p>\n<p style=\"text-align: justify;\">Estaremos com um stand na Feira de Expositores, que contar\u00e1 com a presen\u00e7a do presidente, Carlos Alberto Ross, gerente, G\u00e9deas Gomes, consultor jur\u00eddico, Marcos Ant\u00f4nio Silveira e assessores do SERT\/SC.<\/p>\n<p style=\"text-align: justify;\">Ser\u00e3o atendidas quest\u00f5es gerais da \u00e1rea administrativa e jur\u00eddica, como as <strong>Elei\u00e7\u00f5es de 2018<\/strong>, <strong>d\u00favidas trabalhistas<\/strong>, <strong>Curso Online de Marketing para R\u00e1dio e TV<\/strong>, entre outras. O foco \u00e9 fortalecer ainda mais o sindicato e auxiliar ao m\u00e1ximo as emissoras catarinenses de r\u00e1dio e televis\u00e3o sanando todas as d\u00favidas dos radiodifusores.<\/p>\n<p style=\"text-align: justify;\">Al\u00e9m das assessorias que ser\u00e3o prestadas, o sindicato disponibilizar\u00e1 um espa\u00e7o para atender as emissoras n\u00e3o afiliadas que tenham interesse em saber como atua o sindicato, quais suas fun\u00e7\u00f5es e deveres. \u00c9 importante lembrar que quanto mais filiadas, mais forte e atuante fica o sindicato para defender a sua categoria econ\u00f4mica.<\/p>\n<p style=\"text-align: justify;\"><a href=\"http:\/\/www.sertsc.org.br\/site\/sertsc-prestara-assessoria-juridica-no-17o-congresso-de-radio-e-televisao\/imagem-16-congresso-acaert\/\" rel=\"attachment wp-att-7586\"><img fetchpriority=\"high\" decoding=\"async\" class=\"aligncenter wp-image-7586 size-full\" src=\"http:\/\/www.sertsc.org.br\/site\/wp-content\/uploads\/2018\/05\/imagem-16-congresso-acaert.jpg\" width=\"2161\" height=\"5220\" \/><\/a><\/p>\n<p><strong>17\u00ba Congresso de R\u00e1dio e Televis\u00e3o<\/strong><\/p>\n<p style=\"text-align: justify;\">O 17\u00b0 Congresso de R\u00e1dio e Televis\u00e3o acontecer\u00e1 no Hotel Infinity Blue em Balne\u00e1rio Cambori\u00fa. Conta com mais de 20 profissionais da \u00e1rea do r\u00e1dio e televis\u00e3o trabalhando workshops e plen\u00e1rias que agregam na atualidade da radiodifus\u00e3o.<\/p>\n<p style=\"text-align: justify;\">Apresenta assuntos como \u201cPrograma\u00e7\u00e3o do r\u00e1dio popular\u201d com o diretor executivo da Rede Massa FM Luiz Benite e \u201c\u00c1rea comercial e marketing de r\u00e1dio\u201d com o consultor e palestrante Newton Gaigher. \u201cReforma Trabalhista\/Fun\u00e7\u00f5es de Radialista\u201d com o Dr. Ricardo Correa J\u00fanior, Dr. Fernando Silva e Dr. Marcos Silveira, \u201cPesquisa de Audi\u00eancia\/Formata\u00e7\u00e3o de Programa\u00e7\u00e3o\u201d com o especialista e professor Fernando Morgado entre outras atra\u00e7\u00f5es.<\/p>\n<p style=\"text-align: justify;\">Al\u00e9m disso, conta com a 10\u00b0 edi\u00e7\u00e3o do pr\u00eamio ACAERT com a campanha &#8220;Mostrando ao mercado quem \u00e9 camisa 10&#8221;. S\u00e3o quatro categorias: Profissionais de R\u00e1dio, Profissionais de Televis\u00e3o, Ag\u00eancias de Publicidade e Acad\u00eamicos em Comunica\u00e7\u00e3o e um j\u00fari composto por 12 profissionais atuantes no mercado de Santa Catarina.<\/p>\n<p><strong>Confira a <a href=\"http:\/\/congressoacaert.com.br\/programacao\"><u>programa\u00e7\u00e3o<\/u><\/a>.<\/strong><\/p>\n<p><strong>Inscreva-se<\/strong><\/p>\n<p>O evento \u00e9 aberto a todos os jornalistas, radialistas, radiodifusores e profissionais da comunica\u00e7\u00e3o, al\u00e9m de estudantes da \u00e1rea. Saiba mais e <a href=\"http:\/\/congressoacaert.com.br\/inscricao\">inscreva-se<\/a>.<\/p>\n<p>&nbsp;<\/p>\n<p style=\"text-align: center;\"><strong>Contamos com a sua presen\u00e7a em nosso stand.<\/strong><\/p>\n<p style=\"text-align: center;\"><strong>Unidos somos mais fortes e imbat\u00edveis.<\/strong><\/p>\n<p style=\"text-align: center;\"><strong>Conte sempre com o SERT\/SC.<\/strong><\/p>\n<p style=\"text-align: center;\"><strong>\u00a0<\/strong><\/p>\n","protected":false},"excerpt":{"rendered":"<p>Uma comitiva do Sindicato das Empresas de R\u00e1dio e Televis\u00e3o&hellip;<\/p>\n<p> <a class=\"more-link\" href=\"https:\/\/sertsc.org.br\/site\/sertsc-prestara-assessoria-juridica-no-17o-congresso-de-radio-e-televisao\/\">Leia mais<\/a><\/p>\n","protected":false},"author":1,"featured_media":7592,"comment_status":"closed","ping_status":"open","sticky":false,"template":"","format":"standard","meta":{"footnotes":""},"categories":[33],"tags":[],"class_list":{"0":"post-7585","1":"post","2":"type-post","3":"status-publish","4":"format-standard","5":"has-post-thumbnail","7":"category-destaques"},"_links":{"self":[{"href":"https:\/\/sertsc.org.br\/site\/wp-json\/wp\/v2\/posts\/7585","targetHints":{"allow":["GET"]}}],"collection":[{"href":"https:\/\/sertsc.org.br\/site\/wp-json\/wp\/v2\/posts"}],"about":[{"href":"https:\/\/sertsc.org.br\/site\/wp-json\/wp\/v2\/types\/post"}],"author":[{"embeddable":true,"href":"https:\/\/sertsc.org.br\/site\/wp-json\/wp\/v2\/users\/1"}],"replies":[{"embeddable":true,"href":"https:\/\/sertsc.org.br\/site\/wp-json\/wp\/v2\/comments?post=7585"}],"version-history":[{"count":0,"href":"https:\/\/sertsc.org.br\/site\/wp-json\/wp\/v2\/posts\/7585\/revisions"}],"wp:featuredmedia":[{"embeddable":true,"href":"https:\/\/sertsc.org.br\/site\/wp-json\/"}],"wp:attachment":[{"href":"https:\/\/sertsc.org.br\/site\/wp-json\/wp\/v2\/media?parent=7585"}],"wp:term":[{"taxonomy":"category","embeddable":true,"href":"https:\/\/sertsc.org.br\/site\/wp-json\/wp\/v2\/categories?post=7585"},{"taxonomy":"post_tag","embeddable":true,"href":"https:\/\/sertsc.org.br\/site\/wp-json\/wp\/v2\/tags?post=7585"}],"curies":[{"name":"wp","href":"https:\/\/api.w.org\/{rel}","templated":true}]}}