{"id":7550,"date":"2018-05-21T14:36:25","date_gmt":"2018-05-21T17:36:25","guid":{"rendered":"http:\/\/www.sertsc.org.br\/site\/?p=7550"},"modified":"2018-05-21T14:36:25","modified_gmt":"2018-05-21T17:36:25","slug":"vencedor-de-4-leoes-de-cannes-vai-palestrar-no-congresso-acaert","status":"publish","type":"post","link":"https:\/\/sertsc.org.br\/site\/vencedor-de-4-leoes-de-cannes-vai-palestrar-no-congresso-acaert\/","title":{"rendered":"Vencedor de 4 Le\u00f5es de Cannes vai palestrar no Congresso ACAERT"},"content":{"rendered":"<p style=\"text-align: center;\">O publicit\u00e1rio Luiz Ritton falar\u00e1 sobre o momento atual do mercado de comunica\u00e7\u00e3o e propaganda.<\/p>\n<p>As tend\u00eancias, desafios e oportunidades do atual momento do mercado de comunica\u00e7\u00e3o e propaganda ser\u00e3o alguns dos temas que o publicit\u00e1rio Luiz Ritton vai abordar durante sua palestra no 17\u00ba Congresso Catarinense de R\u00e1dio e Televis\u00e3o.<\/p>\n<p>Vencedor de 4 Le\u00f5es de Ouro em Cannes, Ritton pretende compartilhar sua experi\u00eancia e conhecimento para \u201cbater um papo sobre o novo\u201d. A palestra acontece no dia 05, \u00e0s 17h30, pouco antes da cerim\u00f4nia de entrega do 10\u00ba Pr\u00eamio ACAERT de R\u00e1dio e Televis\u00e3o, que destaca os profissionais das emissoras, ag\u00eancias e acad\u00eamicos.<\/p>\n<h4><\/h4>\n<h4>Sobre o Palestrante<\/h4>\n<p>Luiz Ritton est\u00e1 na \u00e1rea de M\u00eddia h\u00e1 mais de 25 anos. Durante este per\u00edodo, trabalhou em grandes ag\u00eancias. Come\u00e7ou sua carreira na Ogilvy, depois trabalhou na Publicis, Leo Burnett e Loducca, onde se tornou diretor de m\u00eddia. Passou ainda por Y&amp;R ,Africa e, em 2007, chegou \u00e0 Lew&#8217;Lara\\TBWA. Construiu CASES para clientes como ITAU , NISSAN , NATURA entre outros.<\/p>\n<p>Foi premiado nos grandes eventos de M\u00eddia, como PR\u00caMIO ABRIL (4), MAXIM\u00cdDIA, ABOUT, PREMIO DE MIDIA DO ANO ESTAD\u00c3O. Conquistou em um total 4 Le\u00f5es de Midia em CANNES sendo em 2009 um Le\u00e3o de Ouro para Nissan. Em 2015, recebeu o Pr\u00eamio APP Contribui\u00e7\u00e3o Profissional como profissional de m\u00eddia.<\/p>\n<p>Em 2017 fundou a CRE.WORKER, uma empresa de planejamento estrat\u00e9gico que s\u00f3 pensa e cria para Plataformas de M\u00eddia.<\/p>\n<p>&nbsp;<\/p>\n<p>Voc\u00ea j\u00e1 se inscreveu?\u00a0N\u00e3o fique de fora do evento mais importante de Comunica\u00e7\u00e3o de Santa Catarina.<\/p>\n<p>O 17\u00ba Congresso Catarinense de Emissoras de R\u00e1dio e Televis\u00e3o acontece nos dias 4, 5 e 6 de junho em Balne\u00e1rio Cambori\u00fa, confira a programa\u00e7\u00e3o completa <a href=\"http:\/\/congressoacaert.com.br\/programacao\">AQUI<\/a>.<\/p>\n<p>Para saber mais sobre o Congresso ACAERT acesse: <a href=\"http:\/\/www.congressoacaert.com.br\">www.congressoacaert.com.br<\/a>.<\/p>\n<p>O site tamb\u00e9m traz todas as informa\u00e7\u00f5es do evento como <a href=\"http:\/\/congressoacaert.com.br\/inscricao\">valores<\/a>, <a href=\"http:\/\/congressoacaert.com.br\/hospedagem\">hospedagem<\/a>, alimenta\u00e7\u00e3o e as demais <a href=\"http:\/\/congressoacaert.com.br\/programacao\">oficinais<\/a> e <a href=\"http:\/\/congressoacaert.com.br\/programacao\">plen\u00e1rias<\/a>.<\/p>\n<p>R\u00e1dio e TV: Essenciais acima de Tudo.<\/p>\n<p>Fa\u00e7a j\u00e1 sua <a href=\"http:\/\/congressoacaert.com.br\/inscricao\">inscri\u00e7\u00e3o<\/a>!<\/p>\n<p>&nbsp;<\/p>\n<p>FONTE: Acaert.<\/p>\n<p>&nbsp;<\/p>\n<p>&nbsp;<\/p>\n<p>&nbsp;<\/p>\n","protected":false},"excerpt":{"rendered":"<p>O publicit\u00e1rio Luiz Ritton falar\u00e1 sobre o momento atual do&hellip;<\/p>\n<p> <a class=\"more-link\" href=\"https:\/\/sertsc.org.br\/site\/vencedor-de-4-leoes-de-cannes-vai-palestrar-no-congresso-acaert\/\">Leia mais<\/a><\/p>\n","protected":false},"author":1,"featured_media":7551,"comment_status":"closed","ping_status":"open","sticky":false,"template":"","format":"standard","meta":{"footnotes":""},"categories":[3],"tags":[],"class_list":{"0":"post-7550","1":"post","2":"type-post","3":"status-publish","4":"format-standard","5":"has-post-thumbnail","7":"category-noticias"},"_links":{"self":[{"href":"https:\/\/sertsc.org.br\/site\/wp-json\/wp\/v2\/posts\/7550","targetHints":{"allow":["GET"]}}],"collection":[{"href":"https:\/\/sertsc.org.br\/site\/wp-json\/wp\/v2\/posts"}],"about":[{"href":"https:\/\/sertsc.org.br\/site\/wp-json\/wp\/v2\/types\/post"}],"author":[{"embeddable":true,"href":"https:\/\/sertsc.org.br\/site\/wp-json\/wp\/v2\/users\/1"}],"replies":[{"embeddable":true,"href":"https:\/\/sertsc.org.br\/site\/wp-json\/wp\/v2\/comments?post=7550"}],"version-history":[{"count":0,"href":"https:\/\/sertsc.org.br\/site\/wp-json\/wp\/v2\/posts\/7550\/revisions"}],"wp:featuredmedia":[{"embeddable":true,"href":"https:\/\/sertsc.org.br\/site\/wp-json\/"}],"wp:attachment":[{"href":"https:\/\/sertsc.org.br\/site\/wp-json\/wp\/v2\/media?parent=7550"}],"wp:term":[{"taxonomy":"category","embeddable":true,"href":"https:\/\/sertsc.org.br\/site\/wp-json\/wp\/v2\/categories?post=7550"},{"taxonomy":"post_tag","embeddable":true,"href":"https:\/\/sertsc.org.br\/site\/wp-json\/wp\/v2\/tags?post=7550"}],"curies":[{"name":"wp","href":"https:\/\/api.w.org\/{rel}","templated":true}]}}