{"id":7545,"date":"2018-05-21T11:12:44","date_gmt":"2018-05-21T14:12:44","guid":{"rendered":"http:\/\/www.sertsc.org.br\/site\/?p=7545"},"modified":"2018-05-21T11:12:44","modified_gmt":"2018-05-21T14:12:44","slug":"air-aprova-campanha-mundial-para-ativacao-de-chip-fm-em-smartphones","status":"publish","type":"post","link":"https:\/\/sertsc.org.br\/site\/air-aprova-campanha-mundial-para-ativacao-de-chip-fm-em-smartphones\/","title":{"rendered":"AIR aprova campanha mundial para ativa\u00e7\u00e3o de chip FM em smartphones"},"content":{"rendered":"<p style=\"text-align: center;\">Reuni\u00e3o do Conselho Diretor da associa\u00e7\u00e3o ocorreu em Bras\u00edlia<\/p>\n<p style=\"text-align: justify;\">Mais de 20 empres\u00e1rios de r\u00e1dio e televis\u00e3o de pa\u00edses das tr\u00eas Am\u00e9ricas participaram da reuni\u00e3o do Conselho Diretor da Associa\u00e7\u00e3o Internacional de Radiodifus\u00e3o (AIR), nos dias 14 e 15, em Bras\u00edlia. O Brasil foi escolhido como sede do encontro semestral e a ABERT, parceira institucional da AIR, organizou e participou das delega\u00e7\u00f5es de radiodifusores e especialistas do setor.<\/p>\n<p style=\"text-align: justify;\">Durante a reuni\u00e3o foi aprovado o lan\u00e7amento de uma campanha mundial para promover a ativa\u00e7\u00e3o do chip FM em telefones celulares. Especialistas do setor de radiodifus\u00e3o, como o engenheiro Mario Maniewicz, indicado para o cargo de diretor de Radiocomunica\u00e7\u00f5es da Uni\u00e3o Internacional de Telecomunica\u00e7\u00f5es (UIT), apresentaram as experi\u00eancias dos v\u00e1rios pa\u00edses com os novos dispositivos para a recep\u00e7\u00e3o de conte\u00fado de r\u00e1dio e televis\u00e3o.<\/p>\n<p style=\"text-align: justify;\">As viola\u00e7\u00f5es \u00e0 liberdade de express\u00e3o, bem como o contexto de viol\u00eancia e criminaliza\u00e7\u00e3o contra jornalistas e meios de comunica\u00e7\u00e3o tamb\u00e9m foram debatidos no encontro. A reuni\u00e3o tamb\u00e9m marcou a ado\u00e7\u00e3o de resolu\u00e7\u00f5es sobre a quest\u00e3o no Peru, Venezuela, Nicar\u00e1gua e M\u00e9xico.<\/p>\n<p style=\"text-align: justify;\">O Conselho Diretor da AIR aprovou ainda uma declara\u00e7\u00e3o contra a prolifera\u00e7\u00e3o de not\u00edcias falsas e de conte\u00fado enganoso, disseminados, na maioria das vezes, por meio de redes sociais e plataformas digitais. A reuni\u00e3o foi comandada pelo presidente da AIR, Jos\u00e9 Luis Saca e contou com a participa\u00e7\u00e3o do diretor geral Juan Andr\u00e9s Lerena, al\u00e9m do presidente da ABERT e do Comit\u00ea Jur\u00eddico da AIR, Paulo Tonet Camargo, do vice-presidente da AIR, Fl\u00e1vio Lara Resende, e do membro do Conselho Diretor da AIR, Roberto Franco.<\/p>\n<h3>Grupo Executivo da AIR \u00e9 recebido pelo presidente Temer<\/h3>\n<p>O presidente Michel Temer recebeu para um almo\u00e7o, o grupo executivo da AIR. Durante a reuni\u00e3o, no Pal\u00e1cio do Itamaraty, em Bras\u00edlia, foram abordados temas como a import\u00e2ncia do respeito \u00e0 liberdade de express\u00e3o e o desenvolvimento de novas tecnologias para r\u00e1dio e televis\u00e3o, como a implanta\u00e7\u00e3o da TV digital no Brasil.<\/p>\n<p>Participaram do encontro o presidente da AIR, Jos\u00e9 Luis Saca, o vice, Emilio Nassar, o vice-presidente Tesoureiro, Gustavo Guzman Stone, al\u00e9m do diretor geral, Juan Andr\u00e9s Lerena, do vice-presidente Secret\u00e1rio, Flavio Lara Resende, do presidente da ABERT e do Comit\u00ea Legal da AIR, Paulo Tonet Camargo, e do membro do Conselho da AIR, Roberto Franco.<\/p>\n<p>&nbsp;<\/p>\n<p>FONTE: AMIRT.<\/p>\n","protected":false},"excerpt":{"rendered":"<p>Reuni\u00e3o do Conselho Diretor da associa\u00e7\u00e3o ocorreu em Bras\u00edlia Mais&hellip;<\/p>\n<p> <a class=\"more-link\" href=\"https:\/\/sertsc.org.br\/site\/air-aprova-campanha-mundial-para-ativacao-de-chip-fm-em-smartphones\/\">Leia mais<\/a><\/p>\n","protected":false},"author":1,"featured_media":7546,"comment_status":"closed","ping_status":"open","sticky":false,"template":"","format":"standard","meta":{"footnotes":""},"categories":[3],"tags":[],"class_list":{"0":"post-7545","1":"post","2":"type-post","3":"status-publish","4":"format-standard","5":"has-post-thumbnail","7":"category-noticias"},"_links":{"self":[{"href":"https:\/\/sertsc.org.br\/site\/wp-json\/wp\/v2\/posts\/7545","targetHints":{"allow":["GET"]}}],"collection":[{"href":"https:\/\/sertsc.org.br\/site\/wp-json\/wp\/v2\/posts"}],"about":[{"href":"https:\/\/sertsc.org.br\/site\/wp-json\/wp\/v2\/types\/post"}],"author":[{"embeddable":true,"href":"https:\/\/sertsc.org.br\/site\/wp-json\/wp\/v2\/users\/1"}],"replies":[{"embeddable":true,"href":"https:\/\/sertsc.org.br\/site\/wp-json\/wp\/v2\/comments?post=7545"}],"version-history":[{"count":0,"href":"https:\/\/sertsc.org.br\/site\/wp-json\/wp\/v2\/posts\/7545\/revisions"}],"wp:featuredmedia":[{"embeddable":true,"href":"https:\/\/sertsc.org.br\/site\/wp-json\/"}],"wp:attachment":[{"href":"https:\/\/sertsc.org.br\/site\/wp-json\/wp\/v2\/media?parent=7545"}],"wp:term":[{"taxonomy":"category","embeddable":true,"href":"https:\/\/sertsc.org.br\/site\/wp-json\/wp\/v2\/categories?post=7545"},{"taxonomy":"post_tag","embeddable":true,"href":"https:\/\/sertsc.org.br\/site\/wp-json\/wp\/v2\/tags?post=7545"}],"curies":[{"name":"wp","href":"https:\/\/api.w.org\/{rel}","templated":true}]}}