{"id":7495,"date":"2018-05-17T10:44:39","date_gmt":"2018-05-17T13:44:39","guid":{"rendered":"http:\/\/www.sertsc.org.br\/site\/?p=7495"},"modified":"2018-05-17T10:44:39","modified_gmt":"2018-05-17T13:44:39","slug":"palestrantes-internacionais-tem-presencas-confirmadas-no-congresso-da-abert","status":"publish","type":"post","link":"https:\/\/sertsc.org.br\/site\/palestrantes-internacionais-tem-presencas-confirmadas-no-congresso-da-abert\/","title":{"rendered":"Palestrantes internacionais t\u00eam presen\u00e7as confirmadas no Congresso da ABERT"},"content":{"rendered":"<p style=\"text-align: center;\"><strong>Bras\u00edlia \u2013 Profissionais falar\u00e3o sobre as experi\u00eancias e decis\u00f5es do setor de R\u00e1dio e TV no exterior<\/strong><\/p>\n<p style=\"text-align: center;\">\n<p style=\"text-align: justify;\">O 28\u00ba Congresso Brasileiro de Radiodifus\u00e3o, que acontece em Bras\u00edlia, nos dias 21 e 22 de agosto, j\u00e1 tem confirmada as presen\u00e7as dos tr\u00eas palestrantes internacionais que ir\u00e3o participar do evento. As inscri\u00e7\u00f5es podem ser feitas no site oficial do evento: www.28congressoabert.org.br.<\/p>\n<p style=\"text-align: justify;\">O congresso contar\u00e1 com tr\u00eas profissionais estrangeiros. Os norte-americanos Gordon Smith, presidente e CEO da NAB (National Association of Broadcasters), e Jerald Fritz, vice-presidente executivo de Assuntos Legais e Estrat\u00e9gicos da ONE Media 3.0, e o franc\u00eas Dominique Wolton, soci\u00f3logo e especialista em Ci\u00eancias da Comunica\u00e7\u00e3o, falar\u00e3o sobre as experi\u00eancias e decis\u00f5es do setor de r\u00e1dio e TV no exterior.<\/p>\n<p style=\"text-align: justify;\">\u201cNossos convidados apresentar\u00e3o cases e discutir\u00e3o temas do setor brasileiro, trazendo um ponto de vista diferente do que estamos acostumados a lidar. A ideia \u00e9 ser uma grande oportunidade de brainstorming para os radiodifusores\u201d, explica Cristiano Flores, diretor geral da ABERT.<\/p>\n<p style=\"text-align: justify;\">Gordon Smith falar\u00e1 na palestra magna sobre \u201cOs desafios da regula\u00e7\u00e3o impostos pela tecnologia\u201d, que acontece no dia 22 de agosto. Smith representa a associa\u00e7\u00e3o norte-americana que re\u00fane mais de 8,3 mil emissoras de r\u00e1dio e televis\u00e3o dos Estados Unidos.<\/p>\n<p style=\"text-align: justify;\">A palestra \u201cTV aberta digital e o mundo conectado: converg\u00eancia?\u201d ter\u00e1 Jerald Fritz como palestrante. J\u00e1 Dominique Wolton estar\u00e1 no painel \u201cSociedade da informa\u00e7\u00e3o e os desafios da desinforma\u00e7\u00e3o\u201d. Durante o Congresso da ABERT, o soci\u00f3logo tamb\u00e9m lan\u00e7ar\u00e1 o livro \u201cPol\u00edtica e sociedade: Papa Francisco, encontros com Dominique Wolton\u201d.<\/p>\n<p style=\"text-align: justify;\">Os congressistas poder\u00e3o ainda assistir debates sobre como aumentar receitas do r\u00e1dio e comunica\u00e7\u00e3o digital.<\/p>\n<p style=\"text-align: justify;\">\n<h4 style=\"text-align: justify;\">Expositores<\/h4>\n<p style=\"text-align: justify;\">Paralelamente aos pain\u00e9is, um espa\u00e7o foi reservado para a exposi\u00e7\u00e3o de 14 empresas que apresentar\u00e3o produtos e servi\u00e7os voltados para a radiodifus\u00e3o. Os estandes que divulgam cursos, produtos de m\u00eddia, comunica\u00e7\u00e3o, tecnologia para r\u00e1dio e televis\u00e3o poder\u00e3o ser visitados durante todo o evento.<\/p>\n<p style=\"text-align: justify;\">Ainda restam tr\u00eas vagas para expositores. Os interessados podem entrar em contato pelo telefone (61) 3710.1110 e (61) 9 9992.0357 ou enviar e-mail para atendimento@28congressoabert.com.br.<\/p>\n<p style=\"text-align: justify;\">\n<h4 style=\"text-align: justify;\">Sala do Radiodifusor<\/h4>\n<p style=\"text-align: justify;\">Sucesso nos \u00faltimos encontros, a ABERT vai trazer mais uma vez a Sala do Radiodifusor. Agentes p\u00fablicos e privados dar\u00e3o atendimento presencial aos radiodifusores, esclarecendo d\u00favidas e apresentando servi\u00e7os oferecidos pelos \u00f3rg\u00e3os.<\/p>\n<p style=\"text-align: justify;\">\n<p style=\"text-align: justify;\">28\u00ba Congresso Brasileiro de Radiodifus\u00e3o<br \/>\nData: 21 e 22 de agosto<br \/>\nLocal: Centro de Conven\u00e7\u00f5es Brasil 21<br \/>\nInscri\u00e7\u00f5es:<a href=\"http:\/\/www.28congressoabert.com.br\"> www.28congressoabert.com.br<\/a><\/p>\n<p style=\"text-align: justify;\">\n<p style=\"text-align: justify;\">FONTE: Tudo R\u00e1dio.<\/p>\n","protected":false},"excerpt":{"rendered":"<p>Bras\u00edlia \u2013 Profissionais falar\u00e3o sobre as experi\u00eancias e decis\u00f5es do&hellip;<\/p>\n<p> <a class=\"more-link\" href=\"https:\/\/sertsc.org.br\/site\/palestrantes-internacionais-tem-presencas-confirmadas-no-congresso-da-abert\/\">Leia mais<\/a><\/p>\n","protected":false},"author":1,"featured_media":7496,"comment_status":"closed","ping_status":"open","sticky":false,"template":"","format":"standard","meta":{"footnotes":""},"categories":[3],"tags":[],"class_list":{"0":"post-7495","1":"post","2":"type-post","3":"status-publish","4":"format-standard","5":"has-post-thumbnail","7":"category-noticias"},"_links":{"self":[{"href":"https:\/\/sertsc.org.br\/site\/wp-json\/wp\/v2\/posts\/7495","targetHints":{"allow":["GET"]}}],"collection":[{"href":"https:\/\/sertsc.org.br\/site\/wp-json\/wp\/v2\/posts"}],"about":[{"href":"https:\/\/sertsc.org.br\/site\/wp-json\/wp\/v2\/types\/post"}],"author":[{"embeddable":true,"href":"https:\/\/sertsc.org.br\/site\/wp-json\/wp\/v2\/users\/1"}],"replies":[{"embeddable":true,"href":"https:\/\/sertsc.org.br\/site\/wp-json\/wp\/v2\/comments?post=7495"}],"version-history":[{"count":0,"href":"https:\/\/sertsc.org.br\/site\/wp-json\/wp\/v2\/posts\/7495\/revisions"}],"wp:featuredmedia":[{"embeddable":true,"href":"https:\/\/sertsc.org.br\/site\/wp-json\/"}],"wp:attachment":[{"href":"https:\/\/sertsc.org.br\/site\/wp-json\/wp\/v2\/media?parent=7495"}],"wp:term":[{"taxonomy":"category","embeddable":true,"href":"https:\/\/sertsc.org.br\/site\/wp-json\/wp\/v2\/categories?post=7495"},{"taxonomy":"post_tag","embeddable":true,"href":"https:\/\/sertsc.org.br\/site\/wp-json\/wp\/v2\/tags?post=7495"}],"curies":[{"name":"wp","href":"https:\/\/api.w.org\/{rel}","templated":true}]}}