{"id":7487,"date":"2018-05-16T09:25:51","date_gmt":"2018-05-16T12:25:51","guid":{"rendered":"http:\/\/www.sertsc.org.br\/site\/?p=7487"},"modified":"2018-05-16T09:25:51","modified_gmt":"2018-05-16T12:25:51","slug":"comemorando-o-dominio-do-radio-pelos-numeros","status":"publish","type":"post","link":"https:\/\/sertsc.org.br\/site\/comemorando-o-dominio-do-radio-pelos-numeros\/","title":{"rendered":"Comemorando o dom\u00ednio do R\u00e1dio, pelos n\u00fameros."},"content":{"rendered":"<p style=\"text-align: justify;\">Em meio a in\u00fameras plataformas de m\u00eddia e op\u00e7\u00f5es de \u00e1udio, o r\u00e1dio de transmiss\u00e3o est\u00e1 mantendo o ritmo. Para cada 10 minutos de \u00e1udio consumidos pelos americanos hoje, mais de 9 minutos v\u00e3o para AM \/ FM. E de acordo com um novo post no blog da DMR \/ Interactive, os n\u00fameros ficam ainda melhores em uma compara\u00e7\u00e3o A \/ B com os concorrentes.<\/p>\n<p style=\"text-align: justify;\">Andrew Curran, presidente e COO da empresa de comunica\u00e7\u00f5es de marketing de transmiss\u00e3o, intitula seu post &#8220;Vidro da R\u00e1dio: meio vazio, meio cheio ou transbordante?&#8221;, No qual ele apresenta muitos zeros, com algumas estat\u00edsticas que certamente colocam a r\u00e1dio tradicional em uma luz positiva . Citando o Nielsen Comparable Metrics Report, segundo trimestre de 2017, ele diz que, em uma base anualizada, esses 9 minutos formulam uma vantagem de 9,3 trilh\u00f5es de minutos por ano. Em numerais, \u00e9 assim: 9.300.000.000.000. Isso tamb\u00e9m equivale a 720 bilh\u00f5es a mais de minutos por m\u00eas, ou 720.000.000.000.<\/p>\n<p style=\"text-align: justify;\">O quadro geral: \u201cO r\u00e1dio AM \/ FM gera mais 720 bilh\u00f5es de minutos de audi\u00e7\u00e3o por m\u00eas entre os usu\u00e1rios do P18 + do que o streaming de \u00e1udio por smartphone, incluindo os puros\u201d, diz Curran. \u201cEm um mundo fragmentado e m\u00f3vel, essa \u00e9 a defini\u00e7\u00e3o de domin\u00e2ncia de participa\u00e7\u00e3o de mercado.\u201d Mais precisamente: \u201cTodas essas v\u00edrgulas e zeros representam uma vantagem de cair o queixo.\u201d<\/p>\n<p style=\"text-align: justify;\">H\u00e1 mais divers\u00e3o com n\u00fameros, cortesia de Curran: \u201cComo ponto de refer\u00eancia, um bilh\u00e3o de minutos = 1.902 anos; 720 bilh\u00f5es de minutos = 1.369.440 anos. \u201dE um trilh\u00e3o de minutos = 1.902.587 anos; 9,3 trilh\u00f5es de minutos = 17,694,063 anos.<\/p>\n<p style=\"text-align: justify;\">Agora para o contexto. Curran come\u00e7a, \u201cNas palavras do guru dos n\u00fameros, &#8216;Boa Vontade Ca\u00e7a&#8217;, &#8216;Como voc\u00ea gosta das ma\u00e7\u00e3s?&#8217;. Ele observa que h\u00e1 muitas organiza\u00e7\u00f5es excepcionais defendendo em nome da r\u00e1dio, incluindo o NAB, RAB, Nielsen, Numeris. , Katz Media, NextRadio, Radio Connects, associa\u00e7\u00f5es estatais de radiodifus\u00e3o, cons\u00f3rcios de mercado local, sindicatos de rede e grupos de propriedade de transmiss\u00e3o. Mas \u201ccom todos esses grupos contando nossa hist\u00f3ria, quem \u00e9 o mais importante defensor da r\u00e1dio AM \/ FM? Voc\u00ea.&#8221;<\/p>\n<p style=\"text-align: justify;\">A Nielsen afirma que 85% dos ouvintes de r\u00e1dio AM \/ FM s\u00e3o aqueles que t\u00eam um emprego, o que significa que eles t\u00eam dinheiro para gastar com os anunciantes. A revolu\u00e7\u00e3o m\u00f3vel e digital tem 25 anos e AM \/ FM continua a ser o meio de alcance superior a 93%. \u201cPara muitas empresas e plataformas digitais, \u00e9 &#8216;falso at\u00e9 voc\u00ea conseguir&#8217;\u201d, escreve Curran. Mas \u201cn\u00e3o \u00e9 r\u00e1dio AM \/ FM. N\u00f3s temos os dados e uma comunidade apaixonada de ouvintes locais do nosso lado. Sem mencionar a lucratividade.<\/p>\n<p style=\"text-align: justify;\">\u201cNossa domin\u00e2ncia de \u00e1udio e audi\u00eancia empregada proporcionam uma enorme vantagem competitiva. Na verdade, \u00e0 medida que as pessoas crescem em suas carreiras e ganham mais dinheiro ao longo do caminho, a audi\u00e7\u00e3o AM \/ FM continua a aumentar \u201d, diz ele.<\/p>\n<p style=\"text-align: justify;\">Chegou a hora da pr\u00f3pria ind\u00fastria de r\u00e1dio celebrar os n\u00fameros &#8211; e os fatos. Diz Curran: &#8220;Se h\u00e1 algo errado com o r\u00e1dio, \u00e9 como nos vemos e permitimos que os outros nos percebam&#8221;.<\/p>\n<p style=\"text-align: justify;\">Na postagem do blog DMR \/ Interactive, ele conclui: \u201cAM \/ FM \u00e9 o gorila 800 # do \u00e1udio e realmente um modelo de neg\u00f3cios brilhante e suportado por an\u00fancios que permite ao p\u00fablico acessar suas esta\u00e7\u00f5es favoritas e conte\u00fado sem uma assinatura. Vamos celebrar o que \u00e9 certo com o r\u00e1dio AM \/ FM. \u201d<\/p>\n<p>Fonte:\u00a0insideradio<\/p>\n","protected":false},"excerpt":{"rendered":"<p>Em meio a in\u00fameras plataformas de m\u00eddia e op\u00e7\u00f5es de&hellip;<\/p>\n<p> <a class=\"more-link\" href=\"https:\/\/sertsc.org.br\/site\/comemorando-o-dominio-do-radio-pelos-numeros\/\">Leia mais<\/a><\/p>\n","protected":false},"author":1,"featured_media":7370,"comment_status":"closed","ping_status":"open","sticky":false,"template":"","format":"standard","meta":{"footnotes":""},"categories":[36],"tags":[],"class_list":{"0":"post-7487","1":"post","2":"type-post","3":"status-publish","4":"format-standard","5":"has-post-thumbnail","7":"category-artigos"},"_links":{"self":[{"href":"https:\/\/sertsc.org.br\/site\/wp-json\/wp\/v2\/posts\/7487","targetHints":{"allow":["GET"]}}],"collection":[{"href":"https:\/\/sertsc.org.br\/site\/wp-json\/wp\/v2\/posts"}],"about":[{"href":"https:\/\/sertsc.org.br\/site\/wp-json\/wp\/v2\/types\/post"}],"author":[{"embeddable":true,"href":"https:\/\/sertsc.org.br\/site\/wp-json\/wp\/v2\/users\/1"}],"replies":[{"embeddable":true,"href":"https:\/\/sertsc.org.br\/site\/wp-json\/wp\/v2\/comments?post=7487"}],"version-history":[{"count":0,"href":"https:\/\/sertsc.org.br\/site\/wp-json\/wp\/v2\/posts\/7487\/revisions"}],"wp:featuredmedia":[{"embeddable":true,"href":"https:\/\/sertsc.org.br\/site\/wp-json\/"}],"wp:attachment":[{"href":"https:\/\/sertsc.org.br\/site\/wp-json\/wp\/v2\/media?parent=7487"}],"wp:term":[{"taxonomy":"category","embeddable":true,"href":"https:\/\/sertsc.org.br\/site\/wp-json\/wp\/v2\/categories?post=7487"},{"taxonomy":"post_tag","embeddable":true,"href":"https:\/\/sertsc.org.br\/site\/wp-json\/wp\/v2\/tags?post=7487"}],"curies":[{"name":"wp","href":"https:\/\/api.w.org\/{rel}","templated":true}]}}