{"id":7474,"date":"2018-05-15T17:12:48","date_gmt":"2018-05-15T20:12:48","guid":{"rendered":"http:\/\/www.sertsc.org.br\/site\/?p=7474"},"modified":"2018-05-15T17:12:48","modified_gmt":"2018-05-15T20:12:48","slug":"ministerio-do-trabalho-aprova-parecer-no-2482018","status":"publish","type":"post","link":"https:\/\/sertsc.org.br\/site\/ministerio-do-trabalho-aprova-parecer-no-2482018\/","title":{"rendered":"Minist\u00e9rio do Trabalho aprova parecer n\u00ba 248\/2018"},"content":{"rendered":"<p style=\"text-align: justify;\">O Minist\u00e9rio do Trabalho aprovou o Parecer n\u00ba 248\/2018, no qual manifesta seu entendimento sobre a aplicabilidade da Lei n\u00ba 13.467\/2017 (Reforma Trabalhista) aos contratos de trabalho em vigor em 11.11.2017 (data do in\u00edcio de vig\u00eancia da lei em quest\u00e3o).<\/p>\n<p style=\"text-align: justify;\">A quest\u00e3o suscitava d\u00favidas desde a publica\u00e7\u00e3o da Lei n\u00ba 13.467\/2017 ,em julho\/2017, por\u00e9m, a Medida Provis\u00f3ria n\u00ba 808\/2017 definiu, em novembro\/2017, que o disposto na referida Lei se aplicava, na integralidade, aos contratos de trabalho vigentes. Com a perda de efic\u00e1cia da MP em 23.04.2018, voltou-se questionar sobre o assunto.<\/p>\n<p style=\"text-align: justify;\">Ap\u00f3s v\u00e1rias considera\u00e7\u00f5es, o Minist\u00e9rio do Trabalho entendeu que, mesmo com a perda de efic\u00e1cia da MP n\u00ba 808\/2017 (a qual estabelecia de forma expl\u00edcita, apenas a t\u00edtulo de esclarecimento, a aplicabilidade imediata da Lei n\u00ba 13.467\/2017 a todos os contratos de trabalho vigentes), n\u00e3o se modifica o fato de que esta referida lei \u00e9 aplic\u00e1vel de forma geral, abrangente e imediata a todos os contratos de trabalho regidos pela CLT, inclusive, portanto, \u00e0queles iniciados antes da vig\u00eancia da referida lei e que continuaram em vigor ap\u00f3s 11.11.2017, quando passou a ser aplic\u00e1vel a Lei n\u00ba 13.467\/2017.<\/p>\n<p style=\"text-align: justify;\">(Despacho MTb s\/n\u00ba de 14.05.2018 &#8211; DOU 1 de 15.05.2018)<\/p>\n<p style=\"text-align: justify;\">Fonte: Editorial IOB.<\/p>\n","protected":false},"excerpt":{"rendered":"<p>O Minist\u00e9rio do Trabalho aprovou o Parecer n\u00ba 248\/2018, no&hellip;<\/p>\n<p> <a class=\"more-link\" href=\"https:\/\/sertsc.org.br\/site\/ministerio-do-trabalho-aprova-parecer-no-2482018\/\">Leia mais<\/a><\/p>\n","protected":false},"author":1,"featured_media":7475,"comment_status":"closed","ping_status":"open","sticky":false,"template":"","format":"standard","meta":{"footnotes":""},"categories":[3],"tags":[],"class_list":{"0":"post-7474","1":"post","2":"type-post","3":"status-publish","4":"format-standard","5":"has-post-thumbnail","7":"category-noticias"},"_links":{"self":[{"href":"https:\/\/sertsc.org.br\/site\/wp-json\/wp\/v2\/posts\/7474","targetHints":{"allow":["GET"]}}],"collection":[{"href":"https:\/\/sertsc.org.br\/site\/wp-json\/wp\/v2\/posts"}],"about":[{"href":"https:\/\/sertsc.org.br\/site\/wp-json\/wp\/v2\/types\/post"}],"author":[{"embeddable":true,"href":"https:\/\/sertsc.org.br\/site\/wp-json\/wp\/v2\/users\/1"}],"replies":[{"embeddable":true,"href":"https:\/\/sertsc.org.br\/site\/wp-json\/wp\/v2\/comments?post=7474"}],"version-history":[{"count":0,"href":"https:\/\/sertsc.org.br\/site\/wp-json\/wp\/v2\/posts\/7474\/revisions"}],"wp:featuredmedia":[{"embeddable":true,"href":"https:\/\/sertsc.org.br\/site\/wp-json\/"}],"wp:attachment":[{"href":"https:\/\/sertsc.org.br\/site\/wp-json\/wp\/v2\/media?parent=7474"}],"wp:term":[{"taxonomy":"category","embeddable":true,"href":"https:\/\/sertsc.org.br\/site\/wp-json\/wp\/v2\/categories?post=7474"},{"taxonomy":"post_tag","embeddable":true,"href":"https:\/\/sertsc.org.br\/site\/wp-json\/wp\/v2\/tags?post=7474"}],"curies":[{"name":"wp","href":"https:\/\/api.w.org\/{rel}","templated":true}]}}