{"id":7452,"date":"2018-05-15T16:33:51","date_gmt":"2018-05-15T19:33:51","guid":{"rendered":"http:\/\/www.sertsc.org.br\/site\/?p=7452"},"modified":"2018-05-15T16:33:51","modified_gmt":"2018-05-15T19:33:51","slug":"governo-diz-que-nova-lei-trabalhista-e-aplicavel-todos-contratos-da-clt","status":"publish","type":"post","link":"https:\/\/sertsc.org.br\/site\/governo-diz-que-nova-lei-trabalhista-e-aplicavel-todos-contratos-da-clt\/","title":{"rendered":"Moderniza\u00e7\u00e3o Trabalhista \u00e9 aplic\u00e1vel de forma geral"},"content":{"rendered":"<p>1. A Moderniza\u00e7\u00e3o Trabalhista \u00e9 aplic\u00e1vel de forma geral, abrangente e imediata a todos os contratos de trabalho regidos pela Consolida\u00e7\u00e3o das Leis do Trabalho (CLT), inclusive \u00e0queles iniciados antes da vig\u00eancia da Lei n\u00ba 13.467\/2017.<\/p>\n<p>2. Este \u00e9 o entendimento do Parecer n\u00ba 00248\/2018, emitido pela Consultoria Jur\u00eddica junto ao Minist\u00e9rio, aprovado pelo ministro do Trabalho e publicado na edi\u00e7\u00e3o desta ter\u00e7a-feira (15) do Di\u00e1rio Oficial da Uni\u00e3o.<\/p>\n<p>3. A aprova\u00e7\u00e3o pelo ministro gera efeito vinculante para a Administra\u00e7\u00e3o no \u00e2mbito do Minist\u00e9rio do Trabalho, e traz seguran\u00e7a jur\u00eddica, sobretudo na atua\u00e7\u00e3o fiscalizat\u00f3ria dos servidores desta Pasta, que dever\u00e3o obrigatoriamente segui-lo.<\/p>\n<p>4. O Parecer, elaborado pela unidade da Advocacia Geral da Uni\u00e3o (AGU), conclui que a perda de efic\u00e1cia, em 23 de abril de 2017, da Medida Provis\u00f3ria (MP) n\u00ba 808\/2017 n\u00e3o modifica o fato jur\u00eddico de que a Moderniza\u00e7\u00e3o Trabalhista \u00e9 aplic\u00e1vel a todos os contratos de trabalho regidos pela CLT, inclusive \u00e0queles iniciados antes da vig\u00eancia da nova Lei, e que continuaram em vigor ap\u00f3s 11 de novembro de 2017.<\/p>\n<p>Fonte: Minist\u00e9rio do Trabalho.<\/p>\n","protected":false},"excerpt":{"rendered":"<p>1. A Moderniza\u00e7\u00e3o Trabalhista \u00e9 aplic\u00e1vel de forma geral, abrangente&hellip;<\/p>\n<p> <a class=\"more-link\" href=\"https:\/\/sertsc.org.br\/site\/governo-diz-que-nova-lei-trabalhista-e-aplicavel-todos-contratos-da-clt\/\">Leia mais<\/a><\/p>\n","protected":false},"author":1,"featured_media":7453,"comment_status":"closed","ping_status":"open","sticky":false,"template":"","format":"standard","meta":{"footnotes":""},"categories":[3],"tags":[],"class_list":{"0":"post-7452","1":"post","2":"type-post","3":"status-publish","4":"format-standard","5":"has-post-thumbnail","7":"category-noticias"},"_links":{"self":[{"href":"https:\/\/sertsc.org.br\/site\/wp-json\/wp\/v2\/posts\/7452","targetHints":{"allow":["GET"]}}],"collection":[{"href":"https:\/\/sertsc.org.br\/site\/wp-json\/wp\/v2\/posts"}],"about":[{"href":"https:\/\/sertsc.org.br\/site\/wp-json\/wp\/v2\/types\/post"}],"author":[{"embeddable":true,"href":"https:\/\/sertsc.org.br\/site\/wp-json\/wp\/v2\/users\/1"}],"replies":[{"embeddable":true,"href":"https:\/\/sertsc.org.br\/site\/wp-json\/wp\/v2\/comments?post=7452"}],"version-history":[{"count":0,"href":"https:\/\/sertsc.org.br\/site\/wp-json\/wp\/v2\/posts\/7452\/revisions"}],"wp:featuredmedia":[{"embeddable":true,"href":"https:\/\/sertsc.org.br\/site\/wp-json\/"}],"wp:attachment":[{"href":"https:\/\/sertsc.org.br\/site\/wp-json\/wp\/v2\/media?parent=7452"}],"wp:term":[{"taxonomy":"category","embeddable":true,"href":"https:\/\/sertsc.org.br\/site\/wp-json\/wp\/v2\/categories?post=7452"},{"taxonomy":"post_tag","embeddable":true,"href":"https:\/\/sertsc.org.br\/site\/wp-json\/wp\/v2\/tags?post=7452"}],"curies":[{"name":"wp","href":"https:\/\/api.w.org\/{rel}","templated":true}]}}