{"id":7430,"date":"2018-05-14T11:50:13","date_gmt":"2018-05-14T14:50:13","guid":{"rendered":"http:\/\/www.sertsc.org.br\/site\/?p=7430"},"modified":"2018-05-14T11:50:13","modified_gmt":"2018-05-14T14:50:13","slug":"necessaria-atualizacao-da-regulamentacao-de-radialista","status":"publish","type":"post","link":"https:\/\/sertsc.org.br\/site\/necessaria-atualizacao-da-regulamentacao-de-radialista\/","title":{"rendered":"A necess\u00e1ria atualiza\u00e7\u00e3o da regulamenta\u00e7\u00e3o de radialista"},"content":{"rendered":"<p style=\"text-align: center;\">A regulamenta\u00e7\u00e3o da profiss\u00e3o de radialista \u00e9 positiva. Ao menos \u00e9 o que analisa Guliver Le\u00e3o. Ele \u00e9 presidente da Federa\u00e7\u00e3o Nacional de Empresas de R\u00e1dio e Televis\u00e3o (Fenaert)<\/p>\n<p style=\"text-align: justify;\">\nApesar da intensa evolu\u00e7\u00e3o tecnol\u00f3gica pela qual o setor da radiodifus\u00e3o passou nas \u00faltimas d\u00e9cadas, a legisla\u00e7\u00e3o que regulamenta a profiss\u00e3o de radialista permanecia a mesma desde 1979. Foi quando entrou em vigor. O decreto que atualiza essa legisla\u00e7\u00e3o foi publicado no Di\u00e1rio Oficial. Ela vigora desde 5 de abril. A a\u00e7\u00e3o se deu ap\u00f3s ampla discuss\u00e3o sobre a necessidade de adequa\u00e7\u00e3o aos tempos atuais. A a\u00e7\u00e3o colabora com a preserva\u00e7\u00e3o da atividade dos radialistas e traz seguran\u00e7a jur\u00eddica para as empresas do setor.<\/p>\n<p style=\"text-align: justify;\">A (Federa\u00e7\u00e3o Nacional de Empresas de R\u00e1dio e Televis\u00e3o) Fenaert entende que \u00e9 muito positiva a iniciativa do Legislativo, apoiada pelo governo federal. O \u00f3rg\u00e3o identificou a defasagem da regulamenta\u00e7\u00e3o que era aplicada at\u00e9 ent\u00e3o, com mais de 30 anos de vig\u00eancia; visto que n\u00e3o se pode amparar a regula\u00e7\u00e3o de uma atividade com base em equipamentos. Isso muda com frequ\u00eancia cada vez maior. Al\u00e9m disso, manter outras fun\u00e7\u00f5es sob a mesma regra \u00e9 descabido. Vale lembrar ainda que a Lei 13.424 de 28 de mar\u00e7o de 2017 determinou a atualiza\u00e7\u00e3o do quadro de fun\u00e7\u00f5es dos radialistas com a rean\u00e1lise e readequa\u00e7\u00e3o do decreto-lei, dando prazo para que o Minist\u00e9rio do Trabalho se manifestasse sobre a quest\u00e3o.<\/p>\n<p style=\"text-align: justify;\">FONTE: Portal Comunique-se.<\/p>\n<p style=\"text-align: justify;\">\n","protected":false},"excerpt":{"rendered":"<p>A regulamenta\u00e7\u00e3o da profiss\u00e3o de radialista \u00e9 positiva. Ao menos&hellip;<\/p>\n<p> <a class=\"more-link\" href=\"https:\/\/sertsc.org.br\/site\/necessaria-atualizacao-da-regulamentacao-de-radialista\/\">Leia mais<\/a><\/p>\n","protected":false},"author":1,"featured_media":7431,"comment_status":"closed","ping_status":"open","sticky":false,"template":"","format":"standard","meta":{"footnotes":""},"categories":[3],"tags":[],"class_list":{"0":"post-7430","1":"post","2":"type-post","3":"status-publish","4":"format-standard","5":"has-post-thumbnail","7":"category-noticias"},"_links":{"self":[{"href":"https:\/\/sertsc.org.br\/site\/wp-json\/wp\/v2\/posts\/7430","targetHints":{"allow":["GET"]}}],"collection":[{"href":"https:\/\/sertsc.org.br\/site\/wp-json\/wp\/v2\/posts"}],"about":[{"href":"https:\/\/sertsc.org.br\/site\/wp-json\/wp\/v2\/types\/post"}],"author":[{"embeddable":true,"href":"https:\/\/sertsc.org.br\/site\/wp-json\/wp\/v2\/users\/1"}],"replies":[{"embeddable":true,"href":"https:\/\/sertsc.org.br\/site\/wp-json\/wp\/v2\/comments?post=7430"}],"version-history":[{"count":0,"href":"https:\/\/sertsc.org.br\/site\/wp-json\/wp\/v2\/posts\/7430\/revisions"}],"wp:featuredmedia":[{"embeddable":true,"href":"https:\/\/sertsc.org.br\/site\/wp-json\/"}],"wp:attachment":[{"href":"https:\/\/sertsc.org.br\/site\/wp-json\/wp\/v2\/media?parent=7430"}],"wp:term":[{"taxonomy":"category","embeddable":true,"href":"https:\/\/sertsc.org.br\/site\/wp-json\/wp\/v2\/categories?post=7430"},{"taxonomy":"post_tag","embeddable":true,"href":"https:\/\/sertsc.org.br\/site\/wp-json\/wp\/v2\/tags?post=7430"}],"curies":[{"name":"wp","href":"https:\/\/api.w.org\/{rel}","templated":true}]}}