{"id":7420,"date":"2018-05-14T11:32:12","date_gmt":"2018-05-14T14:32:12","guid":{"rendered":"http:\/\/www.sertsc.org.br\/site\/?p=7420"},"modified":"2018-05-14T11:32:12","modified_gmt":"2018-05-14T14:32:12","slug":"conheca-3-profissionais-presentes-na-programacao-do-congresso-acaert","status":"publish","type":"post","link":"https:\/\/sertsc.org.br\/site\/conheca-3-profissionais-presentes-na-programacao-do-congresso-acaert\/","title":{"rendered":"Conhe\u00e7a 3 profissionais presentes na programa\u00e7\u00e3o do Congresso ACAERT"},"content":{"rendered":"<p>Nos dias 4 a 6 de junho o Hotel Infinity Blue em Balne\u00e1rio Cambori\u00fa sedia o 17\u00ba CONGRESSO CATARINENSE DE R\u00c1DIO E TELEVIS\u00c3O. Dentro de sua programa\u00e7\u00e3o est\u00e3o presentes 3 profissionais com vasta experi\u00eancia no meio da radiodifus\u00e3o, trabalhando din\u00e2micas diferentes.<\/p>\n<p>&nbsp;<\/p>\n<p><a href=\"http:\/\/www.sertsc.org.br\/site\/conheca-3-profissionais-presentes-na-programacao-do-congresso-acaert\/luiz-benite\/\" rel=\"attachment wp-att-7421\"><img fetchpriority=\"high\" decoding=\"async\" class=\"size-full wp-image-7421 aligncenter\" src=\"http:\/\/www.sertsc.org.br\/site\/wp-content\/uploads\/2018\/05\/Luiz-Benite.png\" alt=\"Luiz Benite\" width=\"626\" height=\"224\" \/><\/a><\/p>\n<p>O palestrante Luiz Benite, diretor executivo da Rede Massa FM, ministra a oficina \u201cPrograma\u00e7\u00e3o do r\u00e1dio popular\u201d que ir\u00e1 trabalhar a qualifica\u00e7\u00e3o da programa\u00e7\u00e3o com foco popular, cria\u00e7\u00e3o de uma identidade de Rede, diversifica\u00e7\u00e3o dos produtos comerciais de uma emissora musical entre outros temas.<br \/>\nFormado em Propaganda &amp; Marketing pela Universidade Paulista, Benite \u00e9 um profissional com amplo conhecimento no meio r\u00e1dio, e traz na bagagem a experi\u00eancia de ter criado a Rede Transam\u00e9rica Hits em SP, com 50 afiliadas no Brasil. Hoje \u00e9 diretor executivo da Rede Massa FM e Diretor administrativo da AERP. Al\u00e9m disso, dirigiu a Rede BAND FM em Santa Catarina e acumula passagens em diversas \u00e1reas em emissoras como a Radio Kiss FM SP 102,1. Rede AmericanSat SP e a Radio Top FM SP 104,1.<br \/>\nFoi vice-presidente da Acaert Florian\u00f3polis na gest\u00e3o de 2007-2010. Em sua passagem pela Rede Band FM em SC, foi l\u00edder de audi\u00eancia nas pesquisas IBOPE realizadas em Tubar\u00e3o, Lages, Canoinhas, Videira e em Florian\u00f3polis nos 6 anos da gest\u00e3o. Segundo o IBOPE, a Rede Massa FM, \u00e9 a \u00fanica emissora do pa\u00eds atualmente, l\u00edder em todos os meses da pesquisa durante 5 anos ininterruptamente.<\/p>\n<p>&nbsp;<\/p>\n<p><a href=\"http:\/\/www.sertsc.org.br\/site\/conheca-3-profissionais-presentes-na-programacao-do-congresso-acaert\/newton-gaigher\/\" rel=\"attachment wp-att-7422\"><img decoding=\"async\" class=\"size-full wp-image-7422 aligncenter\" src=\"http:\/\/www.sertsc.org.br\/site\/wp-content\/uploads\/2018\/05\/Newton-Gaigher.png\" alt=\"Newton Gaigher\" width=\"626\" height=\"215\" \/><\/a><\/p>\n<p>Pensando em ajudar diretores, executivos de contas e gerentes das \u00e1reas comerciais e de marketing nas estrat\u00e9gias para alcan\u00e7ar melhores resultados o congresso ter\u00e1 um workshop voltado exclusivamente para esses profissionais.<br \/>\nSer\u00e1 ministrado por Newton Gaigher, profissional com mais de 30 anos de experi\u00eancia e com passagens pelas emissoras: R\u00e1dio Transam\u00e9rica, R\u00e1dio Difusora de S\u00e3o Jos\u00e9 dos Campos \u2013 SP, R\u00e1dio Morada do Sol de Araraquara \u2013 SP e R\u00e1dio Columbia FM, de Lorena \u2013 SP.<br \/>\nGaigher tamb\u00e9m foi um dos criadores do B.A.R., Bons Amigos do R\u00e1dio, e foi da diretoria do Grupo dos Profissionais de R\u00e1dio \u2013 GPR. Hoje Newton Gaigher atua como palestrante e presta consultoria para o meio.<\/p>\n<p>&nbsp;<\/p>\n<p><a href=\"http:\/\/www.sertsc.org.br\/site\/conheca-3-profissionais-presentes-na-programacao-do-congresso-acaert\/rodrigo-cierco\/\" rel=\"attachment wp-att-7423\"><img decoding=\"async\" class=\"size-full wp-image-7423 aligncenter\" src=\"http:\/\/www.sertsc.org.br\/site\/wp-content\/uploads\/2018\/05\/Rodrigo-Cierco.png\" alt=\"Rodrigo Cierco\" width=\"626\" height=\"206\" \/><\/a><\/p>\n<p>Rodrigo Cierco vai detalhar as principais informa\u00e7\u00f5es das pesquisas conduzidas pelo Kantar Ibope Media, como o \u201cBook de R\u00e1dio\u201d e o \u201cTarget Group Rating Radio\u201d. Essas publica\u00e7\u00f5es s\u00e3o consideradas refer\u00eancias no mercado da comunica\u00e7\u00e3o, tanto por emissoras como para o mercado publicit\u00e1rio.<br \/>\nO palestrante \u00e9 Formado em Propaganda e Marketing pela Funda\u00e7\u00e3o Armando Alvares Penteado \u2013 FAAP (SP). Atuou profissionalmente na empresa americana AC Nielsen (S\u00e3o Paulo) durante 2 anos (\u00e1rea de Client Service) e h\u00e1 15 anos atua na Kantar IBOPE Media onde j\u00e1 foi analista comercial e de atendimento em S\u00e3o Paulo, gerente da filial de Curitiba e desde maio de 2016 atua como Diretor Comercial \u2013 Regional Sul (PR , SC e RG).<\/p>\n<p>&nbsp;<\/p>\n<p>Voc\u00ea j\u00e1 se inscreveu para o 17\u00ba Congresso Catarinense de R\u00e1dio e Televis\u00e3o?<\/p>\n<p>O Congresso ACAERT conta com mais de 20 especialistas no meio da radiodifus\u00e3o, workshops, plen\u00e1rias e temas em ascens\u00e3o no mercado. Al\u00e9m disso possu\u00ed valores promocionais para associados, estudantes e demais interessados.<br \/>\nN\u00e3o perca tempo e se inscreva j\u00e1! Para mais informa\u00e7\u00f5es acesse <a href=\"http:\/\/congressoacaert.com.br\/\">www.congressoacaert.com.br<\/a><\/p>\n<p>&nbsp;<\/p>\n","protected":false},"excerpt":{"rendered":"<p>Nos dias 4 a 6 de junho o Hotel Infinity&hellip;<\/p>\n<p> <a class=\"more-link\" href=\"https:\/\/sertsc.org.br\/site\/conheca-3-profissionais-presentes-na-programacao-do-congresso-acaert\/\">Leia mais<\/a><\/p>\n","protected":false},"author":1,"featured_media":7424,"comment_status":"closed","ping_status":"open","sticky":false,"template":"","format":"standard","meta":{"footnotes":""},"categories":[3],"tags":[],"class_list":{"0":"post-7420","1":"post","2":"type-post","3":"status-publish","4":"format-standard","5":"has-post-thumbnail","7":"category-noticias"},"_links":{"self":[{"href":"https:\/\/sertsc.org.br\/site\/wp-json\/wp\/v2\/posts\/7420","targetHints":{"allow":["GET"]}}],"collection":[{"href":"https:\/\/sertsc.org.br\/site\/wp-json\/wp\/v2\/posts"}],"about":[{"href":"https:\/\/sertsc.org.br\/site\/wp-json\/wp\/v2\/types\/post"}],"author":[{"embeddable":true,"href":"https:\/\/sertsc.org.br\/site\/wp-json\/wp\/v2\/users\/1"}],"replies":[{"embeddable":true,"href":"https:\/\/sertsc.org.br\/site\/wp-json\/wp\/v2\/comments?post=7420"}],"version-history":[{"count":0,"href":"https:\/\/sertsc.org.br\/site\/wp-json\/wp\/v2\/posts\/7420\/revisions"}],"wp:featuredmedia":[{"embeddable":true,"href":"https:\/\/sertsc.org.br\/site\/wp-json\/"}],"wp:attachment":[{"href":"https:\/\/sertsc.org.br\/site\/wp-json\/wp\/v2\/media?parent=7420"}],"wp:term":[{"taxonomy":"category","embeddable":true,"href":"https:\/\/sertsc.org.br\/site\/wp-json\/wp\/v2\/categories?post=7420"},{"taxonomy":"post_tag","embeddable":true,"href":"https:\/\/sertsc.org.br\/site\/wp-json\/wp\/v2\/tags?post=7420"}],"curies":[{"name":"wp","href":"https:\/\/api.w.org\/{rel}","templated":true}]}}