{"id":7404,"date":"2018-05-14T10:02:35","date_gmt":"2018-05-14T13:02:35","guid":{"rendered":"http:\/\/www.sertsc.org.br\/site\/?p=7404"},"modified":"2018-05-14T10:02:35","modified_gmt":"2018-05-14T13:02:35","slug":"convocacao-da-selecao-brasileira-para-copa-deve-movimentar-radios","status":"publish","type":"post","link":"https:\/\/sertsc.org.br\/site\/convocacao-da-selecao-brasileira-para-copa-deve-movimentar-radios\/","title":{"rendered":"Convoca\u00e7\u00e3o da Sele\u00e7\u00e3o Brasileira para a Copa deve movimentar r\u00e1dios"},"content":{"rendered":"<p style=\"text-align: center;\">S\u00e3o Paulo \u2013 T\u00e9cnico Tite vai convocar jogadores nesta segunda-feira (14) a partir das 14h00 (hor\u00e1rio de Bras\u00edlia)<\/p>\n<p style=\"text-align: justify;\">\n<p style=\"text-align: justify;\">As r\u00e1dios que contam com os direitos de transmiss\u00e3o da Copa do Mundo da R\u00fassia FIFA 2018 estar\u00e3o na cobertura da convoca\u00e7\u00e3o dos jogadores que ir\u00e3o disputar o torneio. O t\u00e9cnico Tite ir\u00e1 revelar os nomes dos jogadores nesta segunda-feira (14), a partir das 14h (hor\u00e1rio de Bras\u00edlia), mas as r\u00e1dios devem ter a cobertura j\u00e1 no in\u00edcio da manh\u00e3.<\/p>\n<p style=\"text-align: justify;\">Na R\u00e1dio Bandeirantes FM 90.9 AM 840 de S\u00e3o Paulo, a transmiss\u00e3o come\u00e7a \u00e0s 13h30, com o rep\u00f3rter Cristiano Pinho na sede da CBF, no Rio de Janeiro. A ancoragem ser\u00e1 de Ricardo Capriotti, acompanhado por Paulo Jamelli, mais novo comentarista da r\u00e1dio, e o convidado especial Roque Junior, campe\u00e3o mundial em 2002. Milton Neves e Claudio Zaidan tamb\u00e9m v\u00e3o participar da transmiss\u00e3o.<\/p>\n<p style=\"text-align: justify;\">J\u00e1 na BandNews FM 96.9 de S\u00e3o Paulo, a transmiss\u00e3o come\u00e7a \u00e0s 13h40, com reportagem de Mario Dias Ferreira diretamente da sede da CBF. No est\u00fadio estar\u00e3o o apresentador Eduardo Bar\u00e3o e os comentaristas Andr\u00e9 Coutinho, Bernardo Ramos e F\u00e1bio Fran\u00e7a. Os pentacampe\u00f5es mundiais Edm\u00edlson, Anderson Polga, Kleberson e Ed\u00edlson tamb\u00e9m participar\u00e3o da transmiss\u00e3o.<\/p>\n<p style=\"text-align: justify;\">Jovem Pan AM 620 FM 100.9, Transam\u00e9rica FM 100.1 de S\u00e3o Paulo, R\u00e1dio Itatiaia FM 95.7 AM 610 de Belo Horizonte, R\u00e1dio Ga\u00facha FM 93.7 AM 600 de Porto Alegre, entre outras emissoras tamb\u00e9m ter\u00e3o uma programa\u00e7\u00e3o voltada \u00e0 convoca\u00e7\u00e3o. A expectativa \u00e9 que o t\u00e9cnico Tite chame 30 jogadores, sendo que apenas 23 ir\u00e3o disputar o torneio a partir de junho.<\/p>\n<p style=\"text-align: justify;\">FONTE: Tudo R\u00e1dio.<\/p>\n","protected":false},"excerpt":{"rendered":"<p>S\u00e3o Paulo \u2013 T\u00e9cnico Tite vai convocar jogadores nesta segunda-feira&hellip;<\/p>\n<p> <a class=\"more-link\" href=\"https:\/\/sertsc.org.br\/site\/convocacao-da-selecao-brasileira-para-copa-deve-movimentar-radios\/\">Leia mais<\/a><\/p>\n","protected":false},"author":1,"featured_media":7405,"comment_status":"closed","ping_status":"open","sticky":false,"template":"","format":"standard","meta":{"footnotes":""},"categories":[3],"tags":[],"class_list":{"0":"post-7404","1":"post","2":"type-post","3":"status-publish","4":"format-standard","5":"has-post-thumbnail","7":"category-noticias"},"_links":{"self":[{"href":"https:\/\/sertsc.org.br\/site\/wp-json\/wp\/v2\/posts\/7404","targetHints":{"allow":["GET"]}}],"collection":[{"href":"https:\/\/sertsc.org.br\/site\/wp-json\/wp\/v2\/posts"}],"about":[{"href":"https:\/\/sertsc.org.br\/site\/wp-json\/wp\/v2\/types\/post"}],"author":[{"embeddable":true,"href":"https:\/\/sertsc.org.br\/site\/wp-json\/wp\/v2\/users\/1"}],"replies":[{"embeddable":true,"href":"https:\/\/sertsc.org.br\/site\/wp-json\/wp\/v2\/comments?post=7404"}],"version-history":[{"count":0,"href":"https:\/\/sertsc.org.br\/site\/wp-json\/wp\/v2\/posts\/7404\/revisions"}],"wp:featuredmedia":[{"embeddable":true,"href":"https:\/\/sertsc.org.br\/site\/wp-json\/"}],"wp:attachment":[{"href":"https:\/\/sertsc.org.br\/site\/wp-json\/wp\/v2\/media?parent=7404"}],"wp:term":[{"taxonomy":"category","embeddable":true,"href":"https:\/\/sertsc.org.br\/site\/wp-json\/wp\/v2\/categories?post=7404"},{"taxonomy":"post_tag","embeddable":true,"href":"https:\/\/sertsc.org.br\/site\/wp-json\/wp\/v2\/tags?post=7404"}],"curies":[{"name":"wp","href":"https:\/\/api.w.org\/{rel}","templated":true}]}}