{"id":7397,"date":"2018-05-11T11:49:25","date_gmt":"2018-05-11T14:49:25","guid":{"rendered":"http:\/\/www.sertsc.org.br\/site\/?p=7397"},"modified":"2018-05-11T11:49:25","modified_gmt":"2018-05-11T14:49:25","slug":"conselho-de-comunicacao-sugere-criacao-de-observatorio-para-coibir-violencia-contra-jornalistas","status":"publish","type":"post","link":"https:\/\/sertsc.org.br\/site\/conselho-de-comunicacao-sugere-criacao-de-observatorio-para-coibir-violencia-contra-jornalistas\/","title":{"rendered":"Conselho de Comunica\u00e7\u00e3o sugere cria\u00e7\u00e3o de observat\u00f3rio para coibir viol\u00eancia contra jornalistas"},"content":{"rendered":"<p style=\"text-align: center;\">Bras\u00edlia &#8211; Conselho tamb\u00e9m discutiu as fake news; parecer sobre o tema deve ser votado em junho<\/p>\n<p style=\"text-align: center;\">\n<p style=\"text-align: justify;\">O Conselho de Comunica\u00e7\u00e3o Social do Congresso Nacional aprovou nesta segunda-feira (7) proposta que sugere a cria\u00e7\u00e3o do Observat\u00f3rio da Viol\u00eancia Contra Comunicadores. Somente neste ano, dois jornalistas foram mortos no Brasil. E outros 41 casos de viol\u00eancia n\u00e3o letal contra comunicadores foram registrados.<\/p>\n<p style=\"text-align: justify;\">Ao contr\u00e1rio da previs\u00e3o inicial, a sugest\u00e3o ser\u00e1 de que o observat\u00f3rio fique vinculado ao Poder Executivo, e n\u00e3o ao Legislativo. \u201cA quest\u00e3o da viol\u00eancia contra jornalistas e comunicadores implica na ado\u00e7\u00e3o de atitudes imediatas, como puni\u00e7\u00e3o, mobiliza\u00e7\u00e3o de pol\u00edcia e a\u00e7\u00f5es legais. O Executivo \u00e9 quem tem os instrumentos para fazer isso\u201d, explicou o conselheiro Davi Emerich, representante da sociedade civil e relator da proposta.<\/p>\n<p style=\"text-align: justify;\">O observat\u00f3rio retoma uma sugest\u00e3o j\u00e1 feita anteriormente em grupo de trabalho do Conselho de Defesa dos Direitos da Pessoa Humana. A atua\u00e7\u00e3o do grupo dever\u00e1 se dar em coopera\u00e7\u00e3o com o Minist\u00e9rio da Justi\u00e7a e institui\u00e7\u00f5es da Organiza\u00e7\u00e3o das Na\u00e7\u00f5es Unidas (ONU).<\/p>\n<p style=\"text-align: justify;\">\n<h4 style=\"text-align: justify;\">Fake News<\/h4>\n<p style=\"text-align: justify;\">Outro ponto discutido na reuni\u00e3o desta segunda-feira foram as propostas em tramita\u00e7\u00e3o no Congresso que tratam das chamadas fakes news, not\u00edcias falsas que s\u00e3o divulgadas nas redes sociais e nos aplicativos de mensagens.<\/p>\n<p style=\"text-align: justify;\">\u201cS\u00e3o treze projetos na C\u00e2mara e um no Senado que preveem, entre outros aspectos, uma tipifica\u00e7\u00e3o penal para coibir a cria\u00e7\u00e3o de fake news, not\u00edcias falsas usadas deliberadamente para difamar ou perturbar algu\u00e9m\u201d, destacou o conselheiro Miguel Matos, representante da sociedade civil e relator do tema.<\/p>\n<p style=\"text-align: justify;\">O parecer sobre as fake news ser\u00e1 discutido e votado na pr\u00f3xima reuni\u00e3o do Conselho de Comunica\u00e7\u00e3o Social, marcada para 4 de junho. O colegiado n\u00e3o vai sugerir a aprova\u00e7\u00e3o de nenhum projeto especificamente, mas propor diretrizes gerais que poder\u00e3o ajudar no combate \u00e0s not\u00edcias inver\u00eddicas.<\/p>\n<p style=\"text-align: justify;\">FONTE: Tudo R\u00e1dio.<\/p>\n","protected":false},"excerpt":{"rendered":"<p>Bras\u00edlia &#8211; Conselho tamb\u00e9m discutiu as fake news; parecer sobre&hellip;<\/p>\n<p> <a class=\"more-link\" href=\"https:\/\/sertsc.org.br\/site\/conselho-de-comunicacao-sugere-criacao-de-observatorio-para-coibir-violencia-contra-jornalistas\/\">Leia mais<\/a><\/p>\n","protected":false},"author":1,"featured_media":7398,"comment_status":"closed","ping_status":"open","sticky":false,"template":"","format":"standard","meta":{"footnotes":""},"categories":[3],"tags":[],"class_list":{"0":"post-7397","1":"post","2":"type-post","3":"status-publish","4":"format-standard","5":"has-post-thumbnail","7":"category-noticias"},"_links":{"self":[{"href":"https:\/\/sertsc.org.br\/site\/wp-json\/wp\/v2\/posts\/7397","targetHints":{"allow":["GET"]}}],"collection":[{"href":"https:\/\/sertsc.org.br\/site\/wp-json\/wp\/v2\/posts"}],"about":[{"href":"https:\/\/sertsc.org.br\/site\/wp-json\/wp\/v2\/types\/post"}],"author":[{"embeddable":true,"href":"https:\/\/sertsc.org.br\/site\/wp-json\/wp\/v2\/users\/1"}],"replies":[{"embeddable":true,"href":"https:\/\/sertsc.org.br\/site\/wp-json\/wp\/v2\/comments?post=7397"}],"version-history":[{"count":0,"href":"https:\/\/sertsc.org.br\/site\/wp-json\/wp\/v2\/posts\/7397\/revisions"}],"wp:featuredmedia":[{"embeddable":true,"href":"https:\/\/sertsc.org.br\/site\/wp-json\/"}],"wp:attachment":[{"href":"https:\/\/sertsc.org.br\/site\/wp-json\/wp\/v2\/media?parent=7397"}],"wp:term":[{"taxonomy":"category","embeddable":true,"href":"https:\/\/sertsc.org.br\/site\/wp-json\/wp\/v2\/categories?post=7397"},{"taxonomy":"post_tag","embeddable":true,"href":"https:\/\/sertsc.org.br\/site\/wp-json\/wp\/v2\/tags?post=7397"}],"curies":[{"name":"wp","href":"https:\/\/api.w.org\/{rel}","templated":true}]}}