{"id":7386,"date":"2018-05-10T10:16:34","date_gmt":"2018-05-10T13:16:34","guid":{"rendered":"http:\/\/www.sertsc.org.br\/site\/?p=7386"},"modified":"2018-05-10T10:16:34","modified_gmt":"2018-05-10T13:16:34","slug":"marcos-silveira-assessor-juridico-do-sertsc-participa-de-encontro-com-sindicatos-promovido-pela-fenaert","status":"publish","type":"post","link":"https:\/\/sertsc.org.br\/site\/marcos-silveira-assessor-juridico-do-sertsc-participa-de-encontro-com-sindicatos-promovido-pela-fenaert\/","title":{"rendered":"Consultor jur\u00eddico do SERT\/SC participa de encontro promovido pela FENAERT"},"content":{"rendered":"<p style=\"text-align: center;\">Bras\u00edlia &#8211; Evento foi realizado na \u00faltima ter\u00e7a-feira (8) em Bras\u00edlia e prop\u00f4s debate sobre a atualiza\u00e7\u00e3o da regulamenta\u00e7\u00e3o da profiss\u00e3o de radialista.<\/p>\n<p>A Federa\u00e7\u00e3o Nacional das Empresas de R\u00e1dio e TV (FENAERT) promoveu, nesta \u00faltima ter\u00e7a-feira, 08 de maio, um encontro com presidentes e consultores jur\u00eddicos de sindicatos filiados \u00e0 entidade, com o objetivo de debater as altera\u00e7\u00f5es previstas no decreto n\u00b0 9.329\/2018, que atualiza a regulamenta\u00e7\u00e3o da profiss\u00e3o de radialista, publicado no Di\u00e1rio Oficial da Uni\u00e3o em 05 de abril deste ano.<\/p>\n<p style=\"text-align: justify;\">Conforme o presidente da entidade, Guliver Le\u00e3o, a edi\u00e7\u00e3o do decreto trouxe uma grande responsabilidade ao setor e por isso o debate se fez necess\u00e1rio. &#8220;Temos que buscar agora sintonia e abordagem uniforme, uma vez que naturalmente surgem questionamentos por parte das empresas. O objetivo n\u00e3o \u00e9 propor uma cartilha, mas ressaltar a necessidade de cautela na aplica\u00e7\u00e3o das mudan\u00e7as&#8221;, explicou.<\/p>\n<p style=\"text-align: justify;\">Patricia Guimar\u00e3es, do escrit\u00f3rio Gama e Lima &amp; Guimar\u00e3es, consultora jur\u00eddica da FENAERT, fez uma apresenta\u00e7\u00e3o com apontamentos a partir das altera\u00e7\u00f5es e esclareceu as principais d\u00favidas que surgiram desde a publica\u00e7\u00e3o do documento.<\/p>\n<p style=\"text-align: justify;\">O evento contou com a participa\u00e7\u00e3o do presidente da Associa\u00e7\u00e3o Brasileira das Emissoras de R\u00e1dio e TV (ABERT) &#8211; Paulo Tonet Camargo, presidente do Sindicato das Empresas de R\u00e1dio e Televis\u00e3o (SERT) do Paran\u00e1 &#8211; Ca\u00edque Agustini, presidente do Sindicato das Empresas de R\u00e1dio e TV do Par\u00e1 (SERTEP) &#8211; Fernando Nascimento, o consultor jur\u00eddico Sindicato das Empresas de R\u00e1dio e Televis\u00e3o (SERTESP) &#8211; Geraldo Os\u00f3rio entre outros representantes.<\/p>\n<p style=\"text-align: justify;\">Ao final do encontro os representantes dos sindicatos receberam um material de apoio com princ\u00edpios b\u00e1sicos de posi\u00e7\u00f5es que devem ser adotadas pelas empresas do setor, com ressalvas aos casos espec\u00edficos e que incluem direitos adquiridos.<\/p>\n<p style=\"text-align: justify;\">Para Marcos Silveira,\u00a0consultor\u00a0jur\u00eddico do SERT\/SC as orienta\u00e7\u00f5es e o encontro \u00e9 de extrema import\u00e2ncia: &#8220;Estamos passando por uma grande mudan\u00e7a na legisla\u00e7\u00e3o, que aguard\u00e1vamos h\u00e1 muito tempo, mas que ao mesmo tempo pegou as empresas de surpresa ent\u00e3o essas orienta\u00e7\u00f5es s\u00e3o essenciais para a aplica\u00e7\u00e3o pr\u00e1tica das mudan\u00e7as.&#8221;.<\/p>\n","protected":false},"excerpt":{"rendered":"<p>Bras\u00edlia &#8211; Evento foi realizado na \u00faltima ter\u00e7a-feira (8) em&hellip;<\/p>\n<p> <a class=\"more-link\" href=\"https:\/\/sertsc.org.br\/site\/marcos-silveira-assessor-juridico-do-sertsc-participa-de-encontro-com-sindicatos-promovido-pela-fenaert\/\">Leia mais<\/a><\/p>\n","protected":false},"author":1,"featured_media":7387,"comment_status":"closed","ping_status":"open","sticky":false,"template":"","format":"standard","meta":{"footnotes":""},"categories":[33],"tags":[],"class_list":{"0":"post-7386","1":"post","2":"type-post","3":"status-publish","4":"format-standard","5":"has-post-thumbnail","7":"category-destaques"},"_links":{"self":[{"href":"https:\/\/sertsc.org.br\/site\/wp-json\/wp\/v2\/posts\/7386","targetHints":{"allow":["GET"]}}],"collection":[{"href":"https:\/\/sertsc.org.br\/site\/wp-json\/wp\/v2\/posts"}],"about":[{"href":"https:\/\/sertsc.org.br\/site\/wp-json\/wp\/v2\/types\/post"}],"author":[{"embeddable":true,"href":"https:\/\/sertsc.org.br\/site\/wp-json\/wp\/v2\/users\/1"}],"replies":[{"embeddable":true,"href":"https:\/\/sertsc.org.br\/site\/wp-json\/wp\/v2\/comments?post=7386"}],"version-history":[{"count":0,"href":"https:\/\/sertsc.org.br\/site\/wp-json\/wp\/v2\/posts\/7386\/revisions"}],"wp:featuredmedia":[{"embeddable":true,"href":"https:\/\/sertsc.org.br\/site\/wp-json\/"}],"wp:attachment":[{"href":"https:\/\/sertsc.org.br\/site\/wp-json\/wp\/v2\/media?parent=7386"}],"wp:term":[{"taxonomy":"category","embeddable":true,"href":"https:\/\/sertsc.org.br\/site\/wp-json\/wp\/v2\/categories?post=7386"},{"taxonomy":"post_tag","embeddable":true,"href":"https:\/\/sertsc.org.br\/site\/wp-json\/wp\/v2\/tags?post=7386"}],"curies":[{"name":"wp","href":"https:\/\/api.w.org\/{rel}","templated":true}]}}