{"id":7380,"date":"2018-05-10T09:26:56","date_gmt":"2018-05-10T12:26:56","guid":{"rendered":"http:\/\/www.sertsc.org.br\/site\/?p=7380"},"modified":"2018-05-10T09:26:56","modified_gmt":"2018-05-10T12:26:56","slug":"bastidores-da-tv-digital-o-papel-da-seja-digital-desligamento-do-sinal-analogico-em-santa-catarina","status":"publish","type":"post","link":"https:\/\/sertsc.org.br\/site\/bastidores-da-tv-digital-o-papel-da-seja-digital-desligamento-do-sinal-analogico-em-santa-catarina\/","title":{"rendered":"Bastidores da TV Digital: O papel da Seja Digital desligamento do sinal anal\u00f3gico em Santa Catarina"},"content":{"rendered":"<p style=\"text-align: justify;\">Quando perguntado sobre a primeira etapa de desligamento do sinal de TV anal\u00f3gico em Santa Catarina, que compreendeu munic\u00edpios da Grande Florian\u00f3polis, Marcello Corr\u00eaa Petrelli, presidente da ACAERT e do Grupo RIC, destaca o trabalho realizado na regi\u00e3o pela <a href=\"http:\/\/www.sejadigital.com.br\/home\">Seja Digital<\/a>, entidade sem fins lucrativos criada por determina\u00e7\u00e3o da Anatel, \u00e9 que est\u00e1 encabe\u00e7ando o processo em todo o Brasil.<\/p>\n<p style=\"text-align: justify;\">Segundo ele, a equipe do Seja Digital foi respons\u00e1vel pela divulga\u00e7\u00e3o e pelo engajamento social em torno do fim do sinal anal\u00f3gico. \u201cA equipe conduziu muito bem n\u00e3o s\u00f3 a divulga\u00e7\u00e3o, mas tamb\u00e9m com envolvimento com a comunidade, institui\u00e7\u00f5es, prefeituras, com os mais carentes com mais de 30 mil kits com conversores e antenas distribu\u00eddos\u201d, afirma.<\/p>\n<p style=\"text-align: justify;\">Na entrevista a seguir, Cheila Zort\u00e9a, diretora de Opera\u00e7\u00e3o Local da Seja Digital, comenta os desafios do trabalho, a repercuss\u00e3o junto aos telespectadores e o que demais relevante ocorreu na primeira etapa e que pode ser essencial para os pr\u00f3ximos desligamentos. Confira.<\/p>\n<p style=\"text-align: justify;\">\n<p style=\"text-align: justify;\">Portal Making Of &#8211; O que mais destaque como relevante nesse primeiro desligamento?<\/p>\n<p style=\"text-align: justify;\">Cheila Zort\u00e9a &#8211; Na minha avalia\u00e7\u00e3o, o ponto alto deste processo \u00e9 justamente o engajamento das pessoas. \u00c9 imposs\u00edvel imaginar o alcance de resultados expressivos em projetos cujo centro do trabalho \u00e9 a mobiliza\u00e7\u00e3o social sem parcerias significativas. E elas se apresentaram de diversas maneiras. Al\u00e9m de empresas, institui\u00e7\u00f5es sociais e organiza\u00e7\u00f5es de todo os perfis, as pessoas foram fundamentais e abra\u00e7aram o projeto como uma causa. Independente da rela\u00e7\u00e3o, contratadas ou volunt\u00e1rias, uma legi\u00e3o de gente esteve conosco e, foram incans\u00e1veis na busca pelas melhores solu\u00e7\u00f5es, na articula\u00e7\u00e3o comunit\u00e1ria, na abertura de portas, no desafio de levar a informa\u00e7\u00e3o e ajuda para todos os cantos da nossa regi\u00e3o.<\/p>\n<p style=\"text-align: justify;\">\n<p style=\"text-align: justify;\">Portal Making Of &#8211; E qual a expectativa para os pr\u00f3ximos? Deve ocorrer dentro do prazo?<\/p>\n<p style=\"text-align: justify;\">Cheila Zort\u00e9a &#8211; Nossa expectativa para as pr\u00f3ximas regi\u00f5es \u00e9 muito positiva, j\u00e1 conhecemos os caminhos, entendemos o processo e identificamos as melhores estrat\u00e9gias para alcan\u00e7ar os resultados. Estamos nos preparando e organizando nossa atua\u00e7\u00e3o nas regi\u00f5es de Joinville, Blumenau e Jaragu\u00e1 do Sul que s\u00e3o os agrupamentos aqui em Santa Catarina que ter\u00e3o o sinal anal\u00f3gico desligado ainda em 2018.<\/p>\n<p style=\"text-align: justify;\">Sobre o prazo, em 5 de dezembro deste ano, Joinville, Jaragu\u00e1 do Sul, Blumenau, Gaspar, Indaial, Luiz Alves, Pomerode, Guaramirim, Massaranduba, Schroeder, Araquari, Balne\u00e1rio Barra do Sul e S\u00e3o Francisco do Sul ter\u00e3o o sinal anal\u00f3gico de TV aberta desligado.<\/p>\n<p style=\"text-align: justify;\">\n<p style=\"text-align: justify;\">Portal Making Of &#8211; Qual o principal desafio enfrentado no processo de desligamento do sinal nal\u00f3gico na Grande Florian\u00f3polis?<\/p>\n<p style=\"text-align: justify;\">Cheila Zort\u00e9a &#8211; Digitalizar mais de 360 mil domic\u00edlios por si s\u00f3 j\u00e1 \u00e9 uma grande miss\u00e3o e, quando iniciamos este processo em Florian\u00f3polis e regi\u00e3o n\u00f3s sab\u00edamos que t\u00ednhamos um desafio enorme, tendo em vista as caracter\u00edsticas locais, os aspectos culturais, econ\u00f4micos e principalmente os sociais. E foi justamente este \u00faltimo o nosso maior obst\u00e1culo. Entrar nas comunidades menos favorecidas e atender, ajudar e informar as pessoas de menor renda foi realmente um trabalho bem dif\u00edcil.<\/p>\n<p style=\"text-align: justify;\">\n<p style=\"text-align: justify;\">Portal Making Of &#8211; E como foi vencido?<\/p>\n<p style=\"text-align: justify;\">Cheila Zort\u00e9a &#8211; Foi com o apoio das lideran\u00e7as comunit\u00e1rias que n\u00f3s conseguimos desenvolver este processo que chamamos de mobiliza\u00e7\u00e3o social porque vai al\u00e9m da migra\u00e7\u00e3o de uma tecnologia para outra. As lideran\u00e7as comunit\u00e1rias contribu\u00edram significativamente para o sucesso das nossas a\u00e7\u00f5es dentro das comunidades. O resultado se deu especialmente pelas articula\u00e7\u00f5es comunit\u00e1rias feitas diretamente por esses l\u00edderes que eram pessoas influentes em suas regi\u00f5es. Voluntariamente, eles se disponibilizaram a mobilizar os moradores, levar informa\u00e7\u00e3o sobre o processo de digitaliza\u00e7\u00e3o e, encontraram meios e recursos para apoiar a nossa atua\u00e7\u00e3o.<\/p>\n<p style=\"text-align: justify;\">\n<p style=\"text-align: justify;\">Portal Making Of &#8211; Na sua opini\u00e3o, o p\u00fablico &#8220;comprou&#8221; a ideia e entendeu a necessidade da mudan\u00e7a?<\/p>\n<p style=\"text-align: justify;\">Cheila Zort\u00e9a &#8211; Certamente! Percebemos isso durante o processo, quando recebemos relatos de pessoas que estavam muito satisfeitas com a nova tecnologia e, tamb\u00e9m, ap\u00f3s o desligamento, porque n\u00f3s nos preparamos para atender um n\u00famero significativo de reclama\u00e7\u00f5es, tanto no nosso atendimento, quanto no das emissoras e, para a nossa surpresa, as poucas reclama\u00e7\u00f5es foram relacionadas a recep\u00e7\u00e3o do sinal digital e n\u00e3o ao desligamento do anal\u00f3gico.<\/p>\n<p style=\"text-align: justify;\">\n<p style=\"text-align: justify;\">Portal Making Of &#8211; De que forma a participa\u00e7\u00e3o do p\u00fablico da Grande Florian\u00f3polis influencia nos pr\u00f3ximos desligamentos?<\/p>\n<p style=\"text-align: justify;\">Cheila Zort\u00e9a &#8211; Eu acredito que as pessoas das outras regi\u00f5es acabar\u00e3o se antecipando ao processo. Ou seja, ter\u00e3o um comportamento diferente, buscando mais a oportunidade de vivenciar imediatamente uma experi\u00eancia melhor ao assistir televis\u00e3o do que aguardar o final do prazo para fazer a migra\u00e7\u00e3o.<\/p>\n<p style=\"text-align: justify;\">\n<p style=\"text-align: justify;\">FONTE: Portal Making Of.<\/p>\n","protected":false},"excerpt":{"rendered":"<p>Quando perguntado sobre a primeira etapa de desligamento do sinal&hellip;<\/p>\n<p> <a class=\"more-link\" href=\"https:\/\/sertsc.org.br\/site\/bastidores-da-tv-digital-o-papel-da-seja-digital-desligamento-do-sinal-analogico-em-santa-catarina\/\">Leia mais<\/a><\/p>\n","protected":false},"author":1,"featured_media":7381,"comment_status":"closed","ping_status":"open","sticky":false,"template":"","format":"standard","meta":{"footnotes":""},"categories":[35],"tags":[],"class_list":{"0":"post-7380","1":"post","2":"type-post","3":"status-publish","4":"format-standard","5":"has-post-thumbnail","7":"category-entrevistas"},"_links":{"self":[{"href":"https:\/\/sertsc.org.br\/site\/wp-json\/wp\/v2\/posts\/7380","targetHints":{"allow":["GET"]}}],"collection":[{"href":"https:\/\/sertsc.org.br\/site\/wp-json\/wp\/v2\/posts"}],"about":[{"href":"https:\/\/sertsc.org.br\/site\/wp-json\/wp\/v2\/types\/post"}],"author":[{"embeddable":true,"href":"https:\/\/sertsc.org.br\/site\/wp-json\/wp\/v2\/users\/1"}],"replies":[{"embeddable":true,"href":"https:\/\/sertsc.org.br\/site\/wp-json\/wp\/v2\/comments?post=7380"}],"version-history":[{"count":0,"href":"https:\/\/sertsc.org.br\/site\/wp-json\/wp\/v2\/posts\/7380\/revisions"}],"wp:featuredmedia":[{"embeddable":true,"href":"https:\/\/sertsc.org.br\/site\/wp-json\/"}],"wp:attachment":[{"href":"https:\/\/sertsc.org.br\/site\/wp-json\/wp\/v2\/media?parent=7380"}],"wp:term":[{"taxonomy":"category","embeddable":true,"href":"https:\/\/sertsc.org.br\/site\/wp-json\/wp\/v2\/categories?post=7380"},{"taxonomy":"post_tag","embeddable":true,"href":"https:\/\/sertsc.org.br\/site\/wp-json\/wp\/v2\/tags?post=7380"}],"curies":[{"name":"wp","href":"https:\/\/api.w.org\/{rel}","templated":true}]}}