{"id":7361,"date":"2018-05-09T08:30:29","date_gmt":"2018-05-09T11:30:29","guid":{"rendered":"http:\/\/www.sertsc.org.br\/site\/?p=7361"},"modified":"2018-05-09T08:30:29","modified_gmt":"2018-05-09T11:30:29","slug":"divulgados-os-finalistas-do-premio-acaert-de-radio-e-televisao","status":"publish","type":"post","link":"https:\/\/sertsc.org.br\/site\/divulgados-os-finalistas-do-premio-acaert-de-radio-e-televisao\/","title":{"rendered":"Divulgados os finalistas do Pr\u00eamio ACAERT de R\u00e1dio e Televis\u00e3o"},"content":{"rendered":"<p style=\"text-align: justify;\">J\u00fari estadual escolheu os cinco melhores trabalhos em cada modalidade<\/p>\n<p style=\"text-align: justify;\">A Associa\u00e7\u00e3o Catarinense de Emissoras de R\u00e1dio e Televis\u00e3o divulgou nesta ter\u00e7a-feira (08) os finalistas da 10\u00aa edi\u00e7\u00e3o do Pr\u00eamio ACAERT de R\u00e1dio e Televis\u00e3o. Foram avaliados trabalhos nas categorias: profissionais de R\u00e1dio, de Televis\u00e3o, Publicidade e Acad\u00eamicos em 18 modalidades. Um j\u00fari formado por 12 profissionais que atuam no mercado de Santa Catarina escolheu cinco finalistas em cada modalidade. Agora, os trabalhos dos finalistas ser\u00e3o avaliados por um segundo j\u00fari, composto por profissionais do mercado nacional. Os vencedores em cada modalidade ser\u00e3o conhecidos na noite do dia 05 de junho, durante programa\u00e7\u00e3o do 17\u00ba Congresso Catarinense de R\u00e1dio e Televis\u00e3o, a ser realizado em Balne\u00e1rio Cambori\u00fa.<\/p>\n<p style=\"text-align: justify;\">Conhe\u00e7a os finalistas:<br \/>\n(ordem alfab\u00e9tica)<\/p>\n<p style=\"text-align: justify;\">Categoria: Profissionais de R\u00e1dio<\/p>\n<p style=\"text-align: justify;\">MODALIDADES:<\/p>\n<p style=\"text-align: justify;\">Melhor Locutor (a) \u2013<\/p>\n<p style=\"text-align: justify;\">&#8211; Amarildo Monteiro<br \/>\nCatarinense \u2013 Joa\u00e7aba<\/p>\n<p style=\"text-align: justify;\">&#8211; Rose Leite<br \/>\nClube \u2013 Blumenau<\/p>\n<p style=\"text-align: justify;\">&#8211; Simone Riggotti<br \/>\n102 Sertaneja FM \u2013 Itaja\u00ed<\/p>\n<p style=\"text-align: justify;\">&#8211; Tiago Prudente<br \/>\nMomento FM &#8211; Xanxer\u00ea<\/p>\n<p style=\"text-align: justify;\">&#8211; Valdir Guedes de Freitas Jr<br \/>\nTransam\u00e9rica \u2013 Videira<\/p>\n<p style=\"text-align: justify;\">\nMelhor Locutor (a) Noticiarista<\/p>\n<p style=\"text-align: justify;\">&#8211; Cristian L\u00f6sch<br \/>\nPeperi \u2013 S\u00e3o Miguel do Oeste<\/p>\n<p style=\"text-align: justify;\">&#8211; Endrio Ribeiro Francescon<br \/>\nVit\u00f3ria \u2013 Videira<\/p>\n<p style=\"text-align: justify;\">&#8211; Marcos Valnei<br \/>\nCatarinense \u2013 Joa\u00e7aba<\/p>\n<p style=\"text-align: justify;\">&#8211; Silvana Toldo Ruschel<br \/>\n103,7 FM \u2013 S\u00e3o Miguel do Oeste<\/p>\n<p style=\"text-align: justify;\">&#8211; Tatiane Doss Carlet<br \/>\nTropical \u2013 Treze T\u00edlias<\/p>\n<p style=\"text-align: justify;\">\nMelhor Rep\u00f3rter<\/p>\n<p style=\"text-align: justify;\">&#8211; Lucilene Juncek<br \/>\nJovem Pan News Difusora \u2013 Rio do Sul<\/p>\n<p style=\"text-align: justify;\">&#8211; Marcelo Santos<br \/>\nCatarinense \u2013 Joa\u00e7aba<\/p>\n<p style=\"text-align: justify;\">&#8211; Marcos Meller<br \/>\nPeperi \u2013 S\u00e3o Miguel do Oeste<\/p>\n<p style=\"text-align: justify;\">&#8211; Mateus Boaventura<br \/>\nCBN Di\u00e1rio<\/p>\n<p style=\"text-align: justify;\">&#8211; Tain\u00e1 Schmitz<br \/>\nJovem Pan News Difusora \u2013 Rio do Sul<\/p>\n<p style=\"text-align: justify;\">\nMelhor Narrador Esportivo<\/p>\n<p style=\"text-align: justify;\">&#8211; Cristian Souto<br \/>\nCatarinense \u2013 Joa\u00e7aba<\/p>\n<p style=\"text-align: justify;\">&#8211; Marcos Feij\u00f3<br \/>\nRural \u2013 Conc\u00f3rdia<\/p>\n<p style=\"text-align: justify;\">&#8211; Marlon de Oliveira<br \/>\nBrasil Novo \u2013 Jaragu\u00e1 do Sul<\/p>\n<p style=\"text-align: justify;\">&#8211; Roger Moura<br \/>\nPeperi \u2013 S\u00e3o Miguel do Oeste<\/p>\n<p style=\"text-align: justify;\">&#8211; Rudimar Braga<br \/>\nBrasil Novo \u2013 Jaragu\u00e1 do Sul<\/p>\n<p style=\"text-align: justify;\">\nMelhor Rep\u00f3rter Esportivo<\/p>\n<p style=\"text-align: justify;\">&#8211; Bruno Luiz Abdala<br \/>\nClube 1590 &#8211; Joinville<\/p>\n<p style=\"text-align: justify;\">&#8211; \u00c9derson Vilas B\u00f4as<br \/>\nRural \u2013 Conc\u00f3rdia<\/p>\n<p style=\"text-align: justify;\">&#8211; Fabr\u00edcio Colombo Jr<br \/>\nHulha Negra \u2013 Crici\u00fama<\/p>\n<p style=\"text-align: justify;\">&#8211; Julnei Bruno Bleichuvlh<br \/>\nCatarinense \u2013 Joa\u00e7aba<\/p>\n<p style=\"text-align: justify;\">&#8211; Vantuir Rech Gon\u00e7alves<br \/>\nClube \u2013 Lages<\/p>\n<p style=\"text-align: justify;\">\nCategoria: Profissionais de Televis\u00e3o<\/p>\n<p style=\"text-align: justify;\">MODALIDADES:<\/p>\n<p style=\"text-align: justify;\">Melhor Apresentador de Programa<\/p>\n<p style=\"text-align: justify;\">&#8211; Alisson Francisco<br \/>\nNSC TV &#8211; Fpolis<\/p>\n<p style=\"text-align: justify;\">&#8211; H\u00e9lio Costa<br \/>\nRICTV Record \u2013 Fpolis<\/p>\n<p style=\"text-align: justify;\">&#8211; Marcelo Cabral<br \/>\nRICTV Record \u2013 Fpolis<\/p>\n<p style=\"text-align: justify;\">&#8211; Marcelo Nunes<br \/>\nRICTV Record \u2013 Itaja\u00ed<\/p>\n<p style=\"text-align: justify;\">&#8211; Nelson F\u00e9lix da Silva Neto<br \/>\nRICTV Record \u2013 Fpolis<\/p>\n<p style=\"text-align: justify;\">\nMelhor Apresentador de Telejornalismo<\/p>\n<p style=\"text-align: justify;\">&#8211; Fabian Londero<br \/>\nNSC TV \u2013 Fpolis<\/p>\n<p style=\"text-align: justify;\">&#8211; Fernando Machado<br \/>\nSBT SC \u2013 Fpolis<\/p>\n<p style=\"text-align: justify;\">&#8211; Henrique Zanotto<br \/>\nRICTV Record \u2013 Fpolis<\/p>\n<p style=\"text-align: justify;\">&#8211; Raphael Faraco<br \/>\nNSC TV \u2013 Fpolis<\/p>\n<p style=\"text-align: justify;\">&#8211; Raphael Polito<br \/>\nRICTV Record \u2013 Fpolis<\/p>\n<p style=\"text-align: justify;\">\nMelhor Cinegrafista<\/p>\n<p style=\"text-align: justify;\">&#8211; Alexandre de Oliveira<br \/>\nRICTV Record \u2013 Blumenau<\/p>\n<p style=\"text-align: justify;\">&#8211; Jacson Botelho<br \/>\nRICTV Record \u2013 Fpolis<\/p>\n<p style=\"text-align: justify;\">&#8211; Jean Carlos de Souza<br \/>\nNSC TV \u2013 Fpolis<\/p>\n<p style=\"text-align: justify;\">&#8211; Marcelo Febler<br \/>\nRICTV Record \u2013 Fpolis<\/p>\n<p style=\"text-align: justify;\">&#8211; Marcos Schmitt<br \/>\nNSC TV \u2013 Fpolis<\/p>\n<p style=\"text-align: justify;\">\nMelhor Rep\u00f3rter<\/p>\n<p style=\"text-align: justify;\">&#8211; Clayton Ramos<br \/>\nRICTV Record<\/p>\n<p style=\"text-align: justify;\">&#8211; Juliana Senne<br \/>\nRICTV Record \u2013 Itaja\u00ed<\/p>\n<p style=\"text-align: justify;\">&#8211; Kiria Meurer Matos<br \/>\nNSC TV \u2013 Fpolis<\/p>\n<p style=\"text-align: justify;\">&#8211; Ricardo Von Dorff<br \/>\nNSC TV \u2013 Fpolis<\/p>\n<p style=\"text-align: justify;\">&#8211; Tatiana Correa de Ros<br \/>\nRICTV Record \u2013 Fpolis<\/p>\n<p style=\"text-align: justify;\">Melhor S\u00e9rie<\/p>\n<p style=\"text-align: justify;\">&#8211; Alexandre Mendon\u00e7a e equipe<br \/>\n&#8220;Conversando sobre o c\u00e2ncer&#8221;<br \/>\nRICTV Record \u2013 Fpolis<\/p>\n<p style=\"text-align: justify;\">&#8211; Jamile Cardoso e equipe<br \/>\n&#8220;Sim pela vida&#8221;<br \/>\nRICTV Record &#8211; Blumenau<\/p>\n<p style=\"text-align: justify;\">&#8211; Paulo Mueller e equipe<br \/>\n&#8220;SC 401&#8221;<br \/>\nRICTV Record \u2013 Fpolis<\/p>\n<p style=\"text-align: justify;\">&#8211; Rafaela Arns e equipe<br \/>\n&#8220;Carne Saud\u00e1vel&#8221;<br \/>\nRICTV Record \u2013 Blumenau<\/p>\n<p style=\"text-align: justify;\">&#8211; Rodrigo Cardozo<br \/>\n&#8220;Advocacia&#8221;<br \/>\nRICTV Record \u2013 Fpolis<\/p>\n<p style=\"text-align: justify;\">\nCategoria: Publicidade<\/p>\n<p style=\"text-align: justify;\">MODALIDADES:<\/p>\n<p style=\"text-align: justify;\">R\u00e1dio \u2013 Melhor Campanha (4 finalistas)<\/p>\n<p style=\"text-align: justify;\">&#8211; D\u2019Ara\u00fajo &#8211; Fpolis<br \/>\nCliente: Prefeitura de Joinville<br \/>\n\u201cTransporte mais seguro\u201d<\/p>\n<p style=\"text-align: justify;\">&#8211; D\u2019Ara\u00fajo \u2013 Fpolis<br \/>\nCliente: Sicoob<br \/>\n\u201cCampeonato Catarinense de Futebol Sicoob\u201d<\/p>\n<p style=\"text-align: justify;\">&#8211; Quadra \u2013 Fpolis<br \/>\nCliente: Secretaria de Estado da Educa\u00e7\u00e3o<br \/>\n\u201cMatr\u00edculas\u201d<\/p>\n<p style=\"text-align: justify;\">&#8211; Seven \u2013 Blumenau<br \/>\nCliente: 90FM<br \/>\n\u201cCampanha 90 FM\u201d<\/p>\n<p style=\"text-align: justify;\">\nR\u00e1dio \u2013 Melhor Jingle<\/p>\n<p style=\"text-align: justify;\">&#8211; Exit \u2013 Joinville<br \/>\nCliente: Figatil<br \/>\n\u201cDigest\u00e3o em boa companhia\u201d<\/p>\n<p style=\"text-align: justify;\">&#8211; Marcca \u2013 Fpolis<br \/>\nCliente: FCDL\/SC<br \/>\n\u201cDia dos Av\u00f3s\u201d<\/p>\n<p style=\"text-align: justify;\">&#8211; Propague Doc.Sync \u2013 Fpolis<br \/>\nCliente: \u00c1gua Show Park<br \/>\n\u201cDoutor Ribeiro\u201d<\/p>\n<p style=\"text-align: justify;\">&#8211; Propague Doc.Sync \u2013 Fpolis<br \/>\nCliente: RICTV Record<br \/>\n\u201cSou Bem SC\u201d<\/p>\n<p style=\"text-align: justify;\">&#8211; Seven \u2013 Blumenau<br \/>\nCliente: Churrascaria Ataliba<br \/>\n\u201cCinquentinha\u201d<\/p>\n<p style=\"text-align: justify;\">\nR\u00e1dio \u2013 Melhor Spot<\/p>\n<p style=\"text-align: justify;\">&#8211; Exit \u2013 Joinville<br \/>\nCliente: NSC<br \/>\n\u201cConte\u00fado que move e o que conta\u201d<\/p>\n<p style=\"text-align: justify;\">&#8211; Free \u2013 Blumenau<br \/>\nCliente: Seterb<br \/>\n\u201cFim de Ano 2017\u201d<\/p>\n<p style=\"text-align: justify;\">&#8211; GDI Multicomunica\u00e7\u00e3o \u2013 Joinville<br \/>\nCliente: Qualibat<br \/>\n\u201cNeymar\u201d<\/p>\n<p style=\"text-align: justify;\">&#8211; Marcca \u2013 Fpolis<br \/>\nCliente: FCDL\/SC<br \/>\n\u201cDia das Crian\u00e7as 2017\u201d<\/p>\n<p style=\"text-align: justify;\">&#8211; Propague Doc.Sync \u2013 Fpolis<br \/>\nCliente: Krona Tubos e Conex\u00f5es<br \/>\n\u201cExpulso\u201d<\/p>\n<p style=\"text-align: justify;\">\nTelevis\u00e3o \u2013 Campanha<\/p>\n<p style=\"text-align: justify;\">&#8211; Exit \u2013 Joinville<br \/>\nCliente: NSC<br \/>\n\u201cConte\u00fado que move e o que conta\u201d<\/p>\n<p style=\"text-align: justify;\">&#8211; Exit \u2013 Joinville<br \/>\nCliente: Shopping Mueller<br \/>\n\u201cDias promocionais\u201d<\/p>\n<p style=\"text-align: justify;\">&#8211; Marcca \u2013 Fpolis<br \/>\nCliente: Assembleia Legislativa de Santa Catarina<br \/>\n\u201cDiferentes\u201d<\/p>\n<p style=\"text-align: justify;\">&#8211; OneWG \u2013 Fpolis<br \/>\nCliente: Assembleia Legislativa de Santa Catarina<br \/>\n\u201cTurismo\u201d<\/p>\n<p style=\"text-align: justify;\">&#8211; Propague Doc.Sync \u2013 Fpolis<br \/>\nCliente: Krona Tubos e Conex\u00f5es<br \/>\n\u201cQuem disse\u201d<\/p>\n<p style=\"text-align: justify;\">Televis\u00e3o \u2013 Comercial Institucional<\/p>\n<p style=\"text-align: justify;\">&#8211; D\u2019Ara\u00fajo \u2013 Fpolis<br \/>\nCliente: Associa\u00e7\u00e3o dos Delegados de Pol\u00edcia do Estado de Santa Catarina<br \/>\n\u201cN\u00f3s entendemos sua dor\u201d<\/p>\n<p style=\"text-align: justify;\">&#8211; Marcca \u2013 Fpolis<br \/>\nCliente: Assembleia Legislativa de Santa Catarina<br \/>\n\u201cDiferentes \u2013 Leleco\u201d<\/p>\n<p style=\"text-align: justify;\">&#8211; Marcca \u2013 Fpolis<br \/>\nCliente: Assembleia Legislativa de Santa Catarina<br \/>\n\u201cDiferentes \u2013 Caio e Marina\u201d<\/p>\n<p style=\"text-align: justify;\">&#8211; MDO \u2013 Fpolis<br \/>\nCliente: Farol Shopping<br \/>\n\u201cDia dos Pais\u201d<\/p>\n<p style=\"text-align: justify;\">&#8211; Propague Doc.Sync \u2013 Fpolis<br \/>\nCliente: Floripa Airport<br \/>\n\u201cChegada\u201d<\/p>\n<p style=\"text-align: justify;\">\nTelevis\u00e3o \u2013 Comercial Promocional\/Varejo<\/p>\n<p style=\"text-align: justify;\">&#8211; Exit \u2013 Joinville<br \/>\nCliente: Shopping Mueller<br \/>\n\u201cNatal \u2013 cada vez mais\u201d<\/p>\n<p style=\"text-align: justify;\">&#8211; Exit \u2013 Joinville<br \/>\nCliente: Figatil<br \/>\n\u201cDigest\u00e3o em boa companhia\u201d<\/p>\n<p style=\"text-align: justify;\">&#8211; OneWG \u2013 Fpolis<br \/>\nCliente: Studio Z<br \/>\n\u201cA gente3\u201d<\/p>\n<p style=\"text-align: justify;\">&#8211; Propague Doc.Sync \u2013 Fpolis<br \/>\nCliente: Parque Beto Carrero World<br \/>\n\u201cDia das Crian\u00e7as\u201d<\/p>\n<p style=\"text-align: justify;\">Seven \u2013 Blumenau<br \/>\nCliente: Uniasselvi<br \/>\n\u201cFilme Tutor60\u201d<\/p>\n<p style=\"text-align: justify;\">\nCategoria: Acad\u00eamicos<\/p>\n<p style=\"text-align: justify;\">MODALIDADES:<\/p>\n<p style=\"text-align: justify;\">Televis\u00e3o \u2013 Melhor Comercial<\/p>\n<p style=\"text-align: justify;\">&#8211; Alexandre Ferrari e grupo<br \/>\nUnoesc \u2013 Joa\u00e7aba<br \/>\n\u201cExplos\u00e3o de Amor\u201d<\/p>\n<p style=\"text-align: justify;\">&#8211; Andrei Possato e grupo<br \/>\nUnoesc \u2013 Joa\u00e7aba<br \/>\n\u201cTire suas vendas\u201d<\/p>\n<p style=\"text-align: justify;\">&#8211; Caroline Gehrke<br \/>\nUnisociesc \u2013 Fpolis<br \/>\n\u201cAutismo\u201d<\/p>\n<p style=\"text-align: justify;\">&#8211; Murilo Cuchi e grupo<br \/>\nUnoesc \u2013 Joa\u00e7aba<br \/>\n\u201cR\u00e1dio Unoesc\u201d<\/p>\n<p style=\"text-align: justify;\">&#8211; Willian Martins<br \/>\nUnisul \u2013 Palho\u00e7a<br \/>\n\u201cViva a beleza de um bairro inteligente\u201d<\/p>\n<p style=\"text-align: justify;\">R\u00e1dio \u2013 Melhor Spot\/Jingle<\/p>\n<p style=\"text-align: justify;\">&#8211; Amanda Martins Slongo<br \/>\nUniarp &#8211; Ca\u00e7ador<br \/>\n\u201cCampanha contra o abandono de animais\u201d<\/p>\n<p style=\"text-align: justify;\">&#8211; Dianne Estefany da Silva<br \/>\nUnoesc \u2013 Joa\u00e7aba<br \/>\n\u201cTigre\u201d<\/p>\n<p style=\"text-align: justify;\">&#8211; Edin\u00e9ia Mores Miotto<br \/>\nUnoesc Joa\u00e7aba<br \/>\n\u201cCampanha pol\u00edtica\u201d<\/p>\n<p style=\"text-align: justify;\">&#8211; Jeison da Rosa e grupo<br \/>\nUnoesc \u2013 Joa\u00e7aba<br \/>\n\u201cCol\u00e9gio Cem\u201d<\/p>\n<p style=\"text-align: justify;\">&#8211; Lucas Schmitt Reguelim<br \/>\nFurb \u2013 Blumenau<br \/>\n\u201cIntimus\u201d<\/p>\n<p style=\"text-align: justify;\">Fonte: Assessoria de Imprensa ACAERT<\/p>\n","protected":false},"excerpt":{"rendered":"<p>J\u00fari estadual escolheu os cinco melhores trabalhos em cada modalidade&hellip;<\/p>\n<p> <a class=\"more-link\" href=\"https:\/\/sertsc.org.br\/site\/divulgados-os-finalistas-do-premio-acaert-de-radio-e-televisao\/\">Leia mais<\/a><\/p>\n","protected":false},"author":1,"featured_media":6872,"comment_status":"closed","ping_status":"open","sticky":false,"template":"","format":"standard","meta":{"footnotes":""},"categories":[3],"tags":[],"class_list":{"0":"post-7361","1":"post","2":"type-post","3":"status-publish","4":"format-standard","5":"has-post-thumbnail","7":"category-noticias"},"_links":{"self":[{"href":"https:\/\/sertsc.org.br\/site\/wp-json\/wp\/v2\/posts\/7361","targetHints":{"allow":["GET"]}}],"collection":[{"href":"https:\/\/sertsc.org.br\/site\/wp-json\/wp\/v2\/posts"}],"about":[{"href":"https:\/\/sertsc.org.br\/site\/wp-json\/wp\/v2\/types\/post"}],"author":[{"embeddable":true,"href":"https:\/\/sertsc.org.br\/site\/wp-json\/wp\/v2\/users\/1"}],"replies":[{"embeddable":true,"href":"https:\/\/sertsc.org.br\/site\/wp-json\/wp\/v2\/comments?post=7361"}],"version-history":[{"count":0,"href":"https:\/\/sertsc.org.br\/site\/wp-json\/wp\/v2\/posts\/7361\/revisions"}],"wp:featuredmedia":[{"embeddable":true,"href":"https:\/\/sertsc.org.br\/site\/wp-json\/"}],"wp:attachment":[{"href":"https:\/\/sertsc.org.br\/site\/wp-json\/wp\/v2\/media?parent=7361"}],"wp:term":[{"taxonomy":"category","embeddable":true,"href":"https:\/\/sertsc.org.br\/site\/wp-json\/wp\/v2\/categories?post=7361"},{"taxonomy":"post_tag","embeddable":true,"href":"https:\/\/sertsc.org.br\/site\/wp-json\/wp\/v2\/tags?post=7361"}],"curies":[{"name":"wp","href":"https:\/\/api.w.org\/{rel}","templated":true}]}}